{"id":268,"date":"2021-06-22T11:19:33","date_gmt":"2021-06-22T09:19:33","guid":{"rendered":"https:\/\/osnabrueckerweltacker.de\/?p=268"},"modified":"2021-06-24T14:33:23","modified_gmt":"2021-06-24T12:33:23","slug":"es-waechst-und-gedeiht","status":"publish","type":"post","link":"https:\/\/osnabrueckerweltacker.de\/?p=268","title":{"rendered":"Es w\u00e4chst und gedeiht"},"content":{"rendered":"\n<p>Nach dem warmen Wetter und den Regenschauern der letzten Tage k\u00f6nnen wir nun den Pflanzen beim Wachsen zusehen. Der Acker ist &#8222;explodiert&#8220;! <\/p>\n\n\n\n<p>So nat\u00fcrlich auch die &#8222;Unkr\u00e4uter&#8220;, die es ja eigentlich gar nicht gibt\u2026 Eine Pflanze ist ein &#8222;Unkraut&#8220;, wenn sie zur falschen Zeit an einem nicht f\u00fcr sie vorgesehenen Platz w\u00e4chst. Nennen wir sie lieber Wildkraut oder Beikraut, das oft auch sch\u00f6ne Eigenschaften hat:<br>Wildkr\u00e4uter sind oft gesund und e\u00dfbar, ihre Masse dient als Humus (also D\u00fcnger) und kann den Boden um die Nutzpflanzen mulchen, um den Boden l\u00e4nger feucht zu halten und vor Winderosion zu bewahren. Au\u00dferdem sind bl\u00fchende Wildkr\u00e4uter nat\u00fcrlich f\u00fcr Insekten attraktiv.<\/p>\n\n\n\n<p>Lange Rede, kurzer Sinn: Falls jemand Lust hat, mal die eine oder andere Reihe durchzuhacken, ist sie\/er herzlich willkommen und wird mit Salat, Spinat und Radieschen belohnt! \ud83d\ude09<\/p>\n\n\n\n<p>Kommt also wacker auf den Acker!<br>Liebe Gr\u00fc\u00dfe,<br>Heike<\/p>\n","protected":false},"excerpt":{"rendered":"<p>Nach dem warmen Wetter und den Regenschauern der letzten Tage k\u00f6nnen wir nun den Pflanzen beim Wachsen zusehen. Der Acker ist &#8222;explodiert&#8220;! So nat\u00fcrlich auch die &#8222;Unkr\u00e4uter&#8220;, die es ja [&hellip;]<\/p>\n","protected":false},"author":1,"featured_media":269,"comment_status":"closed","ping_status":"open","sticky":false,"template":"","format":"standard","meta":{"footnotes":""},"categories":[1],"tags":[],"class_list":["post-268","post","type-post","status-publish","format-standard","has-post-thumbnail","hentry","category-allgemein"],"_links":{"self":[{"href":"https:\/\/osnabrueckerweltacker.de\/index.php?rest_route=\/wp\/v2\/posts\/268","targetHints":{"allow":["GET"]}}],"collection":[{"href":"https:\/\/osnabrueckerweltacker.de\/index.php?rest_route=\/wp\/v2\/posts"}],"about":[{"href":"https:\/\/osnabrueckerweltacker.de\/index.php?rest_route=\/wp\/v2\/types\/post"}],"author":[{"embeddable":true,"href":"https:\/\/osnabrueckerweltacker.de\/index.php?rest_route=\/wp\/v2\/users\/1"}],"replies":[{"embeddable":true,"href":"https:\/\/osnabrueckerweltacker.de\/index.php?rest_route=%2Fwp%2Fv2%2Fcomments&post=268"}],"version-history":[{"count":10,"href":"https:\/\/osnabrueckerweltacker.de\/index.php?rest_route=\/wp\/v2\/posts\/268\/revisions"}],"predecessor-version":[{"id":294,"href":"https:\/\/osnabrueckerweltacker.de\/index.php?rest_route=\/wp\/v2\/posts\/268\/revisions\/294"}],"wp:featuredmedia":[{"embeddable":true,"href":"https:\/\/osnabrueckerweltacker.de\/index.php?rest_route=\/wp\/v2\/media\/269"}],"wp:attachment":[{"href":"https:\/\/osnabrueckerweltacker.de\/index.php?rest_route=%2Fwp%2Fv2%2Fmedia&parent=268"}],"wp:term":[{"taxonomy":"category","embeddable":true,"href":"https:\/\/osnabrueckerweltacker.de\/index.php?rest_route=%2Fwp%2Fv2%2Fcategories&post=268"},{"taxonomy":"post_tag","embeddable":true,"href":"https:\/\/osnabrueckerweltacker.de\/index.php?rest_route=%2Fwp%2Fv2%2Ftags&post=268"}],"curies":[{"name":"wp","href":"https:\/\/api.w.org\/{rel}","templated":true}]}}