{"id":363,"date":"2021-07-21T09:46:55","date_gmt":"2021-07-21T07:46:55","guid":{"rendered":"https:\/\/osnabrueckerweltacker.de\/?p=363"},"modified":"2021-07-21T09:48:21","modified_gmt":"2021-07-21T07:48:21","slug":"was-waechst-und-blueht-denn-da-so-schoen","status":"publish","type":"post","link":"https:\/\/osnabrueckerweltacker.de\/?p=363","title":{"rendered":"Was w\u00e4chst und bl\u00fcht denn da so sch\u00f6n?"},"content":{"rendered":"\n<p>Gerade passiert so viel auf dem Acker! Wir wollen euch ein paar besonders h\u00fcbsche und spannende Gew\u00e4chse vorstellen \ud83d\ude42 <br><br><img loading=\"lazy\" decoding=\"async\" width=\"250\" height=\"188\" class=\"wp-image-366\" style=\"width: 250px;\" src=\"http:\/\/osnabrueckerweltacker.de\/wp-content\/uploads\/2021\/07\/DSC07862-scaled.jpg\" alt=\"\" srcset=\"https:\/\/osnabrueckerweltacker.de\/wp-content\/uploads\/2021\/07\/DSC07862-scaled.jpg 2560w, https:\/\/osnabrueckerweltacker.de\/wp-content\/uploads\/2021\/07\/DSC07862-300x225.jpg 300w, https:\/\/osnabrueckerweltacker.de\/wp-content\/uploads\/2021\/07\/DSC07862-1024x768.jpg 1024w, https:\/\/osnabrueckerweltacker.de\/wp-content\/uploads\/2021\/07\/DSC07862-768x576.jpg 768w, https:\/\/osnabrueckerweltacker.de\/wp-content\/uploads\/2021\/07\/DSC07862-1536x1152.jpg 1536w, https:\/\/osnabrueckerweltacker.de\/wp-content\/uploads\/2021\/07\/DSC07862-2048x1536.jpg 2048w\" sizes=\"auto, (max-width: 250px) 100vw, 250px\" \/>    Kapuzinerkresse<br><img loading=\"lazy\" decoding=\"async\" width=\"250\" height=\"188\" class=\"wp-image-364\" style=\"width: 250px;\" src=\"http:\/\/osnabrueckerweltacker.de\/wp-content\/uploads\/2021\/07\/DSC07857-scaled.jpg\" alt=\"\" srcset=\"https:\/\/osnabrueckerweltacker.de\/wp-content\/uploads\/2021\/07\/DSC07857-scaled.jpg 2560w, https:\/\/osnabrueckerweltacker.de\/wp-content\/uploads\/2021\/07\/DSC07857-300x225.jpg 300w, https:\/\/osnabrueckerweltacker.de\/wp-content\/uploads\/2021\/07\/DSC07857-1024x768.jpg 1024w, https:\/\/osnabrueckerweltacker.de\/wp-content\/uploads\/2021\/07\/DSC07857-768x576.jpg 768w, https:\/\/osnabrueckerweltacker.de\/wp-content\/uploads\/2021\/07\/DSC07857-1536x1152.jpg 1536w, https:\/\/osnabrueckerweltacker.de\/wp-content\/uploads\/2021\/07\/DSC07857-2048x1536.jpg 2048w\" sizes=\"auto, (max-width: 250px) 100vw, 250px\" \/>    Verschiedene Basilikums ( oder Basilika? \ud83d\ude00 )<br><img loading=\"lazy\" decoding=\"async\" width=\"250\" height=\"333\" class=\"wp-image-365\" style=\"width: 250px;\" src=\"http:\/\/osnabrueckerweltacker.de\/wp-content\/uploads\/2021\/07\/DSC07860-scaled.jpg\" alt=\"\" srcset=\"https:\/\/osnabrueckerweltacker.de\/wp-content\/uploads\/2021\/07\/DSC07860-scaled.jpg 1920w, https:\/\/osnabrueckerweltacker.de\/wp-content\/uploads\/2021\/07\/DSC07860-225x300.jpg 225w, https:\/\/osnabrueckerweltacker.de\/wp-content\/uploads\/2021\/07\/DSC07860-768x1024.jpg 768w, https:\/\/osnabrueckerweltacker.de\/wp-content\/uploads\/2021\/07\/DSC07860-1152x1536.jpg 1152w, https:\/\/osnabrueckerweltacker.de\/wp-content\/uploads\/2021\/07\/DSC07860-1536x2048.jpg 1536w\" sizes=\"auto, (max-width: 250px) 100vw, 250px\" \/>    Kr\u00e4uter und mehr!<br><br>Und was ist das? <br>Entdeckung der Saison: Spargelsalat &#8222;Chinesische Keule&#8220;<br><br><img loading=\"lazy\" decoding=\"async\" width=\"250\" height=\"333\" class=\"wp-image-368\" style=\"width: 250px;\" src=\"http:\/\/osnabrueckerweltacker.de\/wp-content\/uploads\/2021\/07\/DSC07839-scaled.jpg\" alt=\"\" srcset=\"https:\/\/osnabrueckerweltacker.de\/wp-content\/uploads\/2021\/07\/DSC07839-scaled.jpg 1920w, https:\/\/osnabrueckerweltacker.de\/wp-content\/uploads\/2021\/07\/DSC07839-225x300.jpg 225w, https:\/\/osnabrueckerweltacker.de\/wp-content\/uploads\/2021\/07\/DSC07839-768x1024.jpg 768w, https:\/\/osnabrueckerweltacker.de\/wp-content\/uploads\/2021\/07\/DSC07839-1152x1536.jpg 1152w, https:\/\/osnabrueckerweltacker.de\/wp-content\/uploads\/2021\/07\/DSC07839-1536x2048.jpg 1536w\" sizes=\"auto, (max-width: 250px) 100vw, 250px\" \/><img loading=\"lazy\" decoding=\"async\" width=\"300\" height=\"225\" class=\"wp-image-369\" style=\"width: 300px;\" src=\"http:\/\/osnabrueckerweltacker.de\/wp-content\/uploads\/2021\/07\/DSC07851-scaled.jpg\" alt=\"\" srcset=\"https:\/\/osnabrueckerweltacker.de\/wp-content\/uploads\/2021\/07\/DSC07851-scaled.jpg 2560w, https:\/\/osnabrueckerweltacker.de\/wp-content\/uploads\/2021\/07\/DSC07851-300x225.jpg 300w, https:\/\/osnabrueckerweltacker.de\/wp-content\/uploads\/2021\/07\/DSC07851-1024x768.jpg 1024w, https:\/\/osnabrueckerweltacker.de\/wp-content\/uploads\/2021\/07\/DSC07851-768x576.jpg 768w, https:\/\/osnabrueckerweltacker.de\/wp-content\/uploads\/2021\/07\/DSC07851-1536x1152.jpg 1536w, https:\/\/osnabrueckerweltacker.de\/wp-content\/uploads\/2021\/07\/DSC07851-2048x1536.jpg 2048w\" sizes=\"auto, (max-width: 300px) 100vw, 300px\" \/>  <br><br><strong>Kommt uns auf dem Acker besuchen und geht mit uns auf Entdeckungsreise! Es gibt noch vieles mehr zu sehen \ud83d\ude42 <br>Wir freuen uns auf euch! <\/strong><\/p>\n","protected":false},"excerpt":{"rendered":"<p>Gerade passiert so viel auf dem Acker! Wir wollen euch ein paar besonders h\u00fcbsche und spannende Gew\u00e4chse vorstellen \ud83d\ude42 Kapuzinerkresse Verschiedene Basilikums ( oder Basilika? \ud83d\ude00 ) Kr\u00e4uter und mehr! [&hellip;]<\/p>\n","protected":false},"author":1,"featured_media":366,"comment_status":"closed","ping_status":"open","sticky":false,"template":"","format":"standard","meta":{"footnotes":""},"categories":[1],"tags":[],"class_list":["post-363","post","type-post","status-publish","format-standard","has-post-thumbnail","hentry","category-allgemein"],"_links":{"self":[{"href":"https:\/\/osnabrueckerweltacker.de\/index.php?rest_route=\/wp\/v2\/posts\/363","targetHints":{"allow":["GET"]}}],"collection":[{"href":"https:\/\/osnabrueckerweltacker.de\/index.php?rest_route=\/wp\/v2\/posts"}],"about":[{"href":"https:\/\/osnabrueckerweltacker.de\/index.php?rest_route=\/wp\/v2\/types\/post"}],"author":[{"embeddable":true,"href":"https:\/\/osnabrueckerweltacker.de\/index.php?rest_route=\/wp\/v2\/users\/1"}],"replies":[{"embeddable":true,"href":"https:\/\/osnabrueckerweltacker.de\/index.php?rest_route=%2Fwp%2Fv2%2Fcomments&post=363"}],"version-history":[{"count":7,"href":"https:\/\/osnabrueckerweltacker.de\/index.php?rest_route=\/wp\/v2\/posts\/363\/revisions"}],"predecessor-version":[{"id":375,"href":"https:\/\/osnabrueckerweltacker.de\/index.php?rest_route=\/wp\/v2\/posts\/363\/revisions\/375"}],"wp:featuredmedia":[{"embeddable":true,"href":"https:\/\/osnabrueckerweltacker.de\/index.php?rest_route=\/wp\/v2\/media\/366"}],"wp:attachment":[{"href":"https:\/\/osnabrueckerweltacker.de\/index.php?rest_route=%2Fwp%2Fv2%2Fmedia&parent=363"}],"wp:term":[{"taxonomy":"category","embeddable":true,"href":"https:\/\/osnabrueckerweltacker.de\/index.php?rest_route=%2Fwp%2Fv2%2Fcategories&post=363"},{"taxonomy":"post_tag","embeddable":true,"href":"https:\/\/osnabrueckerweltacker.de\/index.php?rest_route=%2Fwp%2Fv2%2Ftags&post=363"}],"curies":[{"name":"wp","href":"https:\/\/api.w.org\/{rel}","templated":true}]}}