{"id":425,"date":"2021-09-02T11:20:00","date_gmt":"2021-09-02T09:20:00","guid":{"rendered":"https:\/\/osnabrueckerweltacker.de\/?p=425"},"modified":"2021-09-02T15:03:20","modified_gmt":"2021-09-02T13:03:20","slug":"wandeltageprogramm-bei-uns","status":"publish","type":"post","link":"https:\/\/osnabrueckerweltacker.de\/?p=425","title":{"rendered":"Das WandelTAGE Programm &#8211; Update"},"content":{"rendered":"\n<p>J\u00e4hrlich, in diesem Jahr vom 27.08. &#8211; 05.09., finden die WandelTAGE statt, auf denen Akteur*innen, Unternehmen, Schulen, Projekte oder Initiativen ihren Beitrag zu einer fairen, \u00f6kologischen, gemeinwohl-orientierten Gegenwart und Zukunft vorstellen.<br>Hier gibts es mehr Infos dazu: <a rel=\"noreferrer noopener\" href=\"https:\/\/wandel.17plus.org\/\" target=\"_blank\">www.wandel.17plus.org<\/a><br><br>Der Osnabr\u00fccker Weltacker ist dabei!<br>Bei uns wird es in dem Zeitraum verschiedene, tolle Veranstaltungen und Angebote geben. <br>Wer Lust hat, bringe gerne Kuchen, Salate, Quiche, o.\u00e4. f\u00fcr ein leckeres buntes Buffet mit! \ud83d\ude42<br><br><span style=\"color:#609034\" class=\"has-inline-color\"><strong>Es sind noch neue Termine dazu gekommen. <\/strong><\/span><br><br>Bei sehr schlechtem Wetter m\u00fcssen die Veranstaltungen leider verschoben werden.<\/p>\n\n\n\n<p><br><strong>27.08., 15.30 Uhr, Live-Musik auf dem Acker mit dem Sim-Quintett <\/strong><br>Sinti Swing \u00e0 la Django Reinhardt<br><img loading=\"lazy\" decoding=\"async\" width=\"200\" height=\"150\" class=\"wp-image-429\" style=\"width: 200px;\" src=\"http:\/\/osnabrueckerweltacker.de\/wp-content\/uploads\/2021\/08\/photo5438631995488974115.jpg\" alt=\"\" srcset=\"https:\/\/osnabrueckerweltacker.de\/wp-content\/uploads\/2021\/08\/photo5438631995488974115.jpg 1600w, https:\/\/osnabrueckerweltacker.de\/wp-content\/uploads\/2021\/08\/photo5438631995488974115-300x225.jpg 300w, https:\/\/osnabrueckerweltacker.de\/wp-content\/uploads\/2021\/08\/photo5438631995488974115-1024x768.jpg 1024w, https:\/\/osnabrueckerweltacker.de\/wp-content\/uploads\/2021\/08\/photo5438631995488974115-768x576.jpg 768w, https:\/\/osnabrueckerweltacker.de\/wp-content\/uploads\/2021\/08\/photo5438631995488974115-1536x1152.jpg 1536w\" sizes=\"auto, (max-width: 200px) 100vw, 200px\" \/><br><br><\/p>\n\n\n\n<p><strong>Zum Mitsingen und Anh\u00f6ren: &#8222;Ackerfurch&#8220; Alte und neue Lieder \u00fcber (\u00d6ko)Lust und<\/strong><br><strong>(\u00d6ko)Frust von und mit Norbert und seiner Gitarre<\/strong><br>Mo, 30.08.21 um 15:30 Uhr<br>Di, 31.08.21 um 15:30 Uhr<br>Mi, 01.09.21 um 15:30 Uhr<br><span style=\"color:#609034\" class=\"has-inline-color\"><strong>Zusatztermin: Sa, 11.09.21 um 15:30 Uhr<\/strong><\/span><\/p>\n\n\n\n<p><br><strong>Aquarellmalen mit dem Atelier Piro:<br>BUNTE BE(E)TE- AQUARELLE IM GR\u00dcNEN<\/strong> <br>Auf dem Weltacker entstehen Gem\u00fcse-Aquarelle unter Piros Anleitung.<br><br>Offener Schnupperkurs am Sa, 28.08. von 14-19 Uhr, 12,- f\u00fcr Materialkosten<br>Kurs mit max. 10 Teilnehmer*innen am Mo, 30.08. von 17-19 Uhr<br>Kurs mit max. 10 Teilnehmer*innen am Mi, 01.09. von 17-19 Uhr<br>Kurs mit max. 10 Teilnehmer*innen am Fr, 03.09. von 17-19 Uhr<br>Kurse am 30.08., 01.09. und 03.09. je 23,- Euro incl. Material pro Teilnehmer*in <br>F\u00fcr die Kurse nach dem Schnupperkurs ist eine Anmeldungs w\u00fcnschenswert.<br>osnabrueckerweltacker@posteo.de oder mail@atelier-piro.de<br><a rel=\"noreferrer noopener\" href=\"https:\/\/www.atelier-piro.de\" target=\"_blank\"><br>www.atelier-piro.de<\/a><br><img loading=\"lazy\" decoding=\"async\" width=\"150\" height=\"150\" class=\"wp-image-437\" style=\"width: 150px;\" src=\"http:\/\/osnabrueckerweltacker.de\/wp-content\/uploads\/2021\/08\/piro_LOGO.jpg\" alt=\"\" srcset=\"https:\/\/osnabrueckerweltacker.de\/wp-content\/uploads\/2021\/08\/piro_LOGO.jpg 595w, https:\/\/osnabrueckerweltacker.de\/wp-content\/uploads\/2021\/08\/piro_LOGO-300x300.jpg 300w, https:\/\/osnabrueckerweltacker.de\/wp-content\/uploads\/2021\/08\/piro_LOGO-150x150.jpg 150w, https:\/\/osnabrueckerweltacker.de\/wp-content\/uploads\/2021\/08\/piro_LOGO-120x120.jpg 120w\" sizes=\"auto, (max-width: 150px) 100vw, 150px\" \/><br><br><strong>YOGA auf dem Weltacker<\/strong><br><strong>Herzliche Einladung zu weltoffenem, naturverbundenem Yoga mit Chris.<\/strong><br>Sa, 28.08., 10-11:30 Uhr<br>So, 29.08., 16:30-18 Uhr<br>Sa, 04.09., 10-11:30 Uhr<br><br><a rel=\"noreferrer noopener\" href=\"http:\/\/www.yoga-english.de\/\" target=\"_blank\">www.yoga-english.de<\/a><\/p>\n\n\n\n<p><br><strong><span style=\"color:#609034\" class=\"has-inline-color\">Neu: So, 05.09. <\/span><span class=\"has-inline-color has-black-color\">Andreas Ottmer singt und spielt Lieblingssongs mit (Luisas) Verst\u00e4rkung<br>(aber unplugged)<\/span><\/strong><br><br><a rel=\"noreferrer noopener\" href=\"https:\/\/deref-web.de\/mail\/client\/8uXB56PkfHU\/dereferrer\/?redirectUrl=http%3A%2F%2Fwww.andreasottmer.de\" target=\"_blank\">www.andreasottmer.de<\/a><\/p>\n\n\n\n<p><br><br><\/p>\n","protected":false},"excerpt":{"rendered":"<p>J\u00e4hrlich, in diesem Jahr vom 27.08. &#8211; 05.09., finden die WandelTAGE statt, auf denen Akteur*innen, Unternehmen, Schulen, Projekte oder Initiativen ihren Beitrag zu einer fairen, \u00f6kologischen, gemeinwohl-orientierten Gegenwart und Zukunft [&hellip;]<\/p>\n","protected":false},"author":1,"featured_media":392,"comment_status":"closed","ping_status":"open","sticky":false,"template":"","format":"standard","meta":{"footnotes":""},"categories":[1],"tags":[],"class_list":["post-425","post","type-post","status-publish","format-standard","has-post-thumbnail","hentry","category-allgemein"],"_links":{"self":[{"href":"https:\/\/osnabrueckerweltacker.de\/index.php?rest_route=\/wp\/v2\/posts\/425","targetHints":{"allow":["GET"]}}],"collection":[{"href":"https:\/\/osnabrueckerweltacker.de\/index.php?rest_route=\/wp\/v2\/posts"}],"about":[{"href":"https:\/\/osnabrueckerweltacker.de\/index.php?rest_route=\/wp\/v2\/types\/post"}],"author":[{"embeddable":true,"href":"https:\/\/osnabrueckerweltacker.de\/index.php?rest_route=\/wp\/v2\/users\/1"}],"replies":[{"embeddable":true,"href":"https:\/\/osnabrueckerweltacker.de\/index.php?rest_route=%2Fwp%2Fv2%2Fcomments&post=425"}],"version-history":[{"count":30,"href":"https:\/\/osnabrueckerweltacker.de\/index.php?rest_route=\/wp\/v2\/posts\/425\/revisions"}],"predecessor-version":[{"id":478,"href":"https:\/\/osnabrueckerweltacker.de\/index.php?rest_route=\/wp\/v2\/posts\/425\/revisions\/478"}],"wp:featuredmedia":[{"embeddable":true,"href":"https:\/\/osnabrueckerweltacker.de\/index.php?rest_route=\/wp\/v2\/media\/392"}],"wp:attachment":[{"href":"https:\/\/osnabrueckerweltacker.de\/index.php?rest_route=%2Fwp%2Fv2%2Fmedia&parent=425"}],"wp:term":[{"taxonomy":"category","embeddable":true,"href":"https:\/\/osnabrueckerweltacker.de\/index.php?rest_route=%2Fwp%2Fv2%2Fcategories&post=425"},{"taxonomy":"post_tag","embeddable":true,"href":"https:\/\/osnabrueckerweltacker.de\/index.php?rest_route=%2Fwp%2Fv2%2Ftags&post=425"}],"curies":[{"name":"wp","href":"https:\/\/api.w.org\/{rel}","templated":true}]}}