{"id":463,"date":"2021-08-24T14:21:08","date_gmt":"2021-08-24T12:21:08","guid":{"rendered":"https:\/\/osnabrueckerweltacker.de\/?p=463"},"modified":"2021-08-24T14:22:59","modified_gmt":"2021-08-24T12:22:59","slug":"malaktion-kinderatelier-querbeet","status":"publish","type":"post","link":"https:\/\/osnabrueckerweltacker.de\/?p=463","title":{"rendered":"Malaktion Kinderatelier Querbeet"},"content":{"rendered":"\n<p><br>Jetzt wirds bunt! ..noch bunter \ud83d\ude42 <br>&#8222;Kinderatelier Querbeet&#8220; auf dem Weltacker. Malen f\u00fcr Kinder ab f\u00fcnf Jahren (Gruppengr\u00f6\u00dfe erstmal 6 Kinder)<br><br><strong>Mi 08.09., 16:00 &#8211; 17:30\u00a0 und\u00a0 Fr 17.09., 16:00 &#8211; 17:30 Uhr\u00a0<\/strong>\u00a0<br><br>Wir suchen uns Farben und Formen auf dem Acker und lassen Ideen f\u00fcr Bilder wachsen. Tolle Motive gibts in H\u00fclle und F\u00fclle und wir halten mit verschiedenen Materialien auf Papier fest, was wir sehen. Dann vergisst man auch nie wieder, wie Amaranth aussieht. \u2665 <br>Bitte acker- und maltaugliche Sachen anziehen.<br><br>Anmeldung per Mail an: osnabrueckerweltacker@posteo.de<\/p>\n","protected":false},"excerpt":{"rendered":"<p>Jetzt wirds bunt! ..noch bunter \ud83d\ude42 &#8222;Kinderatelier Querbeet&#8220; auf dem Weltacker. Malen f\u00fcr Kinder ab f\u00fcnf Jahren (Gruppengr\u00f6\u00dfe erstmal 6 Kinder) Mi 08.09., 16:00 &#8211; 17:30\u00a0 und\u00a0 Fr 17.09., 16:00 [&hellip;]<\/p>\n","protected":false},"author":1,"featured_media":464,"comment_status":"closed","ping_status":"open","sticky":false,"template":"","format":"standard","meta":{"footnotes":""},"categories":[1],"tags":[],"class_list":["post-463","post","type-post","status-publish","format-standard","has-post-thumbnail","hentry","category-allgemein"],"_links":{"self":[{"href":"https:\/\/osnabrueckerweltacker.de\/index.php?rest_route=\/wp\/v2\/posts\/463","targetHints":{"allow":["GET"]}}],"collection":[{"href":"https:\/\/osnabrueckerweltacker.de\/index.php?rest_route=\/wp\/v2\/posts"}],"about":[{"href":"https:\/\/osnabrueckerweltacker.de\/index.php?rest_route=\/wp\/v2\/types\/post"}],"author":[{"embeddable":true,"href":"https:\/\/osnabrueckerweltacker.de\/index.php?rest_route=\/wp\/v2\/users\/1"}],"replies":[{"embeddable":true,"href":"https:\/\/osnabrueckerweltacker.de\/index.php?rest_route=%2Fwp%2Fv2%2Fcomments&post=463"}],"version-history":[{"count":2,"href":"https:\/\/osnabrueckerweltacker.de\/index.php?rest_route=\/wp\/v2\/posts\/463\/revisions"}],"predecessor-version":[{"id":466,"href":"https:\/\/osnabrueckerweltacker.de\/index.php?rest_route=\/wp\/v2\/posts\/463\/revisions\/466"}],"wp:featuredmedia":[{"embeddable":true,"href":"https:\/\/osnabrueckerweltacker.de\/index.php?rest_route=\/wp\/v2\/media\/464"}],"wp:attachment":[{"href":"https:\/\/osnabrueckerweltacker.de\/index.php?rest_route=%2Fwp%2Fv2%2Fmedia&parent=463"}],"wp:term":[{"taxonomy":"category","embeddable":true,"href":"https:\/\/osnabrueckerweltacker.de\/index.php?rest_route=%2Fwp%2Fv2%2Fcategories&post=463"},{"taxonomy":"post_tag","embeddable":true,"href":"https:\/\/osnabrueckerweltacker.de\/index.php?rest_route=%2Fwp%2Fv2%2Ftags&post=463"}],"curies":[{"name":"wp","href":"https:\/\/api.w.org\/{rel}","templated":true}]}}