{"id":501,"date":"2021-09-24T12:23:34","date_gmt":"2021-09-24T10:23:34","guid":{"rendered":"https:\/\/osnabrueckerweltacker.de\/?p=501"},"modified":"2021-10-20T11:40:02","modified_gmt":"2021-10-20T09:40:02","slug":"demnaechst-auf-dem-acker","status":"publish","type":"post","link":"https:\/\/osnabrueckerweltacker.de\/?p=501","title":{"rendered":"Demn\u00e4chst auf dem Acker"},"content":{"rendered":"\n<p>Hier fassen wir die sch\u00f6nen, kleinen Events zusammen, die in der n\u00e4chsten Zeit bei uns stattfinden. Wir haben noch einige Perlen f\u00fcr euch bis zum Ende der Saison \ud83d\ude42 <br><br><strong>Letzer Termin f\u00fcr die Ackerf\u00fchrung ohne Anmeldung: Donnerstag, 21.10. um 16 Uhr <\/strong><br><br><strong>Immer Samstags um 16:30 Uhr: Yoga auf dem Acker mit Chris<\/strong><br><br><strong>Regelm\u00e4ssig verw\u00f6hnen uns auch Samstags Nasan, Frischta und G\u00fclnas mit internationaler K\u00fcche aus frischen Ackerzutaten<\/strong>.<br><br><strong>Samstag 09.10. um 15 Uhr: Svenjas Insektenlesung<\/strong><br>Svenja Niepel liest ihre wundervollen Insektengedichte und Geschichten mit Musik und Illustrationen.<br>F\u00fcr kleine und grosse Kinder. <br><br><strong>Samstag 16.10.: Weltern\u00e4hrungstag<\/strong><br>Mit Ackerf\u00fchrung, Yoga, internationaler K\u00fcche von Nasan, Frischta und G\u00fclnas und weiteren kulinarischen Specials von VegaGreen und book.a.vegan.  <br>Dazu Musik von dem internationalen Chor Haneen Osnabr\u00fcck.<br><br><br>Das Alles nur bei gutem Wetter. Es kann zu dieser Jahreszeit schonmal etwas grau und feucht werden. Ein bisschen davon halten wir gut aus, oder \u00fcberdachen etwas mit dem Pavillon. Wenn es zu ungem\u00fctlich wird m\u00fcssen die Termine leider ausfallen und wir versuchen sie nachzuholen. <br>Aber wir sind uns sicher dieses Jahr noch viele sch\u00f6ne Tage mit euch auf dem Acker zu verbringen und freuen uns auf euren Besuch!<br><br><br><br><\/p>\n","protected":false},"excerpt":{"rendered":"<p>Hier fassen wir die sch\u00f6nen, kleinen Events zusammen, die in der n\u00e4chsten Zeit bei uns stattfinden. Wir haben noch einige Perlen f\u00fcr euch bis zum Ende der Saison \ud83d\ude42 Letzer [&hellip;]<\/p>\n","protected":false},"author":1,"featured_media":502,"comment_status":"closed","ping_status":"open","sticky":false,"template":"","format":"standard","meta":{"footnotes":""},"categories":[1],"tags":[],"class_list":["post-501","post","type-post","status-publish","format-standard","has-post-thumbnail","hentry","category-allgemein"],"_links":{"self":[{"href":"https:\/\/osnabrueckerweltacker.de\/index.php?rest_route=\/wp\/v2\/posts\/501","targetHints":{"allow":["GET"]}}],"collection":[{"href":"https:\/\/osnabrueckerweltacker.de\/index.php?rest_route=\/wp\/v2\/posts"}],"about":[{"href":"https:\/\/osnabrueckerweltacker.de\/index.php?rest_route=\/wp\/v2\/types\/post"}],"author":[{"embeddable":true,"href":"https:\/\/osnabrueckerweltacker.de\/index.php?rest_route=\/wp\/v2\/users\/1"}],"replies":[{"embeddable":true,"href":"https:\/\/osnabrueckerweltacker.de\/index.php?rest_route=%2Fwp%2Fv2%2Fcomments&post=501"}],"version-history":[{"count":7,"href":"https:\/\/osnabrueckerweltacker.de\/index.php?rest_route=\/wp\/v2\/posts\/501\/revisions"}],"predecessor-version":[{"id":531,"href":"https:\/\/osnabrueckerweltacker.de\/index.php?rest_route=\/wp\/v2\/posts\/501\/revisions\/531"}],"wp:featuredmedia":[{"embeddable":true,"href":"https:\/\/osnabrueckerweltacker.de\/index.php?rest_route=\/wp\/v2\/media\/502"}],"wp:attachment":[{"href":"https:\/\/osnabrueckerweltacker.de\/index.php?rest_route=%2Fwp%2Fv2%2Fmedia&parent=501"}],"wp:term":[{"taxonomy":"category","embeddable":true,"href":"https:\/\/osnabrueckerweltacker.de\/index.php?rest_route=%2Fwp%2Fv2%2Fcategories&post=501"},{"taxonomy":"post_tag","embeddable":true,"href":"https:\/\/osnabrueckerweltacker.de\/index.php?rest_route=%2Fwp%2Fv2%2Ftags&post=501"}],"curies":[{"name":"wp","href":"https:\/\/api.w.org\/{rel}","templated":true}]}}