{"id":573,"date":"2022-03-29T13:45:20","date_gmt":"2022-03-29T11:45:20","guid":{"rendered":"https:\/\/osnabrueckerweltacker.de\/?p=573"},"modified":"2022-03-29T13:46:14","modified_gmt":"2022-03-29T11:46:14","slug":"bye-bye-winterschlaf","status":"publish","type":"post","link":"https:\/\/osnabrueckerweltacker.de\/?p=573","title":{"rendered":"Bye Bye Winterschlaf"},"content":{"rendered":"\n<p><strong>Liebe Ackerfreund*innen,<br>wir sind aus dem Winterschlaf erwacht und sind bereit f\u00fcr eine &#8222;n\u00e4chste Runde Weltacker&#8220;.<\/strong><br><br>In dieser Saison werden wir unsere Anbaufl\u00e4che nach dem Konzept der \u201eplanetengesunden<br>Ern\u00e4hrung\u201c anlegen. Dieses Konzept, ausgearbeitet von 37 Wissenschaftler*innen der EAT-Lancet-<br>Kommission, zeigt einen Weg, wie im Jahr 2050 zehn Milliarden Menschen auf der Erde ern\u00e4hrt<br>werden k\u00f6nnen. Und das, ohne die planetaren Grenzen zu verletzen \u2013 also gesund, nachhaltig und<br>absolut zukunftsf\u00e4hig. Die menschliche Gesundheit und die Gesundheit unseres einzigen Planeten<br>werden hier zusammen gedacht, und das global gerecht. Genau da wollen wir hin!<br>Konkret bedeutet dieses Konzept eine Ver\u00e4nderung unserer Ern\u00e4hrungsgewohnheiten hin zu mehr<br>Gem\u00fcse, Vollkorngetreide, H\u00fclsenfr\u00fcchten und N\u00fcssen bei gleichzeitig starker Reduktion von<br>Fleisch und anderen tierischen Produkten sowie Zucker. Ob das Spa\u00df machen kann? Wir meinen \u2013<br>ja!! Besonders dann, wenn es st\u00e4ndig Neues zu entdecken gibt \u2013 uralte besondere Gem\u00fcseleckereien<br>und eine ungeahnte Vielfalt an H\u00fclsenfr\u00fcchten zum Beispiel.<br>Unser Weltacker zeigt in diesem Jahr eine modellhafte Versorgung einer Person nach<br>planetengesunden Ma\u00dfst\u00e4ben \u2013 \u00f6kologisch angebaut und mit vielen spannenden Sorten.<br>N\u00e4heres zur planetengesunden Ern\u00e4hrung wird es bei uns diesen Sommer in der Ausstellung, bei<br>unterschiedlichen Veranstaltungen und auf dieser Seite geben.<br><br>Ein weiteres wichtiges Thema wird bei uns in diesem Jahr die Artenvielfalt sein, und das in<br>verschiedener Hinsicht. Eine besondere Vielfalt von alten und neuen Gem\u00fcse- Obst- und<br>Kr\u00e4utersorten sorgt f\u00fcr eine abwechslungsreiche Ern\u00e4hrung. Hier soll es wieder viel zu entdecken<br>geben bei uns. Zudem wird es viel Platz f\u00fcr Bl\u00fcten- und Insektenvielfalt geben, denn nicht nur wir<br>Menschen brauchen die Kulturlandschaft, sondern auch alles, was bl\u00fcht, krabbelt und summt<br>braucht hier Lebensraum.<br><br>Konkret gibt es auf unserem Acker aktuell noch einiges E\u00dfbares wie Schwarzwurzeln, Haferwurz, Porree, Feldsalat u. Spinat. Spannend ist, was \u00fcberwintert hat und nun austreibt: Mangold, Bleich-u.<br>Knollensellerie, Chicoriensalate, Karden und Kr\u00e4uter.<br>Schon jetzt ist der Boden au\u00dfergew\u00f6hnlich trocken.<br>Seit einigen Wochen bekommen wir netterweise den Pferdemist von dem Haflinger nebenan, den wir verteilen und bald unterfr\u00e4sen werden. Dann kann die Aussaat beginnen!<br><br><strong>Am Samstag, den 02.04.2022 wollen wir die Saison ab 14 Uhr mit einem lockeren Austausch von Saatgut und netten Worten beginnen.<br>Schaut vorbei!  <\/strong><\/p>\n\n\n\n<p><strong>Das Weltacker-Team freut sich auf Euch und auf die zweite Saison am Carl-Cromme-Weg!<\/strong><br><br><img loading=\"lazy\" decoding=\"async\" width=\"500\" height=\"375\" class=\"wp-image-580\" style=\"width: 500px;\" src=\"http:\/\/osnabrueckerweltacker.de\/wp-content\/uploads\/2022\/03\/IMG_0717-scaled.jpg\" alt=\"\" srcset=\"https:\/\/osnabrueckerweltacker.de\/wp-content\/uploads\/2022\/03\/IMG_0717-scaled.jpg 2560w, https:\/\/osnabrueckerweltacker.de\/wp-content\/uploads\/2022\/03\/IMG_0717-300x225.jpg 300w, https:\/\/osnabrueckerweltacker.de\/wp-content\/uploads\/2022\/03\/IMG_0717-1024x768.jpg 1024w, https:\/\/osnabrueckerweltacker.de\/wp-content\/uploads\/2022\/03\/IMG_0717-768x576.jpg 768w, https:\/\/osnabrueckerweltacker.de\/wp-content\/uploads\/2022\/03\/IMG_0717-1536x1152.jpg 1536w, https:\/\/osnabrueckerweltacker.de\/wp-content\/uploads\/2022\/03\/IMG_0717-2048x1536.jpg 2048w\" sizes=\"auto, (max-width: 500px) 100vw, 500px\" \/><\/p>\n","protected":false},"excerpt":{"rendered":"<p>Liebe Ackerfreund*innen,wir sind aus dem Winterschlaf erwacht und sind bereit f\u00fcr eine &#8222;n\u00e4chste Runde Weltacker&#8220;. In dieser Saison werden wir unsere Anbaufl\u00e4che nach dem Konzept der \u201eplanetengesundenErn\u00e4hrung\u201c anlegen. Dieses Konzept, [&hellip;]<\/p>\n","protected":false},"author":1,"featured_media":578,"comment_status":"closed","ping_status":"open","sticky":false,"template":"","format":"standard","meta":{"footnotes":""},"categories":[1],"tags":[],"class_list":["post-573","post","type-post","status-publish","format-standard","has-post-thumbnail","hentry","category-allgemein"],"_links":{"self":[{"href":"https:\/\/osnabrueckerweltacker.de\/index.php?rest_route=\/wp\/v2\/posts\/573","targetHints":{"allow":["GET"]}}],"collection":[{"href":"https:\/\/osnabrueckerweltacker.de\/index.php?rest_route=\/wp\/v2\/posts"}],"about":[{"href":"https:\/\/osnabrueckerweltacker.de\/index.php?rest_route=\/wp\/v2\/types\/post"}],"author":[{"embeddable":true,"href":"https:\/\/osnabrueckerweltacker.de\/index.php?rest_route=\/wp\/v2\/users\/1"}],"replies":[{"embeddable":true,"href":"https:\/\/osnabrueckerweltacker.de\/index.php?rest_route=%2Fwp%2Fv2%2Fcomments&post=573"}],"version-history":[{"count":9,"href":"https:\/\/osnabrueckerweltacker.de\/index.php?rest_route=\/wp\/v2\/posts\/573\/revisions"}],"predecessor-version":[{"id":584,"href":"https:\/\/osnabrueckerweltacker.de\/index.php?rest_route=\/wp\/v2\/posts\/573\/revisions\/584"}],"wp:featuredmedia":[{"embeddable":true,"href":"https:\/\/osnabrueckerweltacker.de\/index.php?rest_route=\/wp\/v2\/media\/578"}],"wp:attachment":[{"href":"https:\/\/osnabrueckerweltacker.de\/index.php?rest_route=%2Fwp%2Fv2%2Fmedia&parent=573"}],"wp:term":[{"taxonomy":"category","embeddable":true,"href":"https:\/\/osnabrueckerweltacker.de\/index.php?rest_route=%2Fwp%2Fv2%2Fcategories&post=573"},{"taxonomy":"post_tag","embeddable":true,"href":"https:\/\/osnabrueckerweltacker.de\/index.php?rest_route=%2Fwp%2Fv2%2Ftags&post=573"}],"curies":[{"name":"wp","href":"https:\/\/api.w.org\/{rel}","templated":true}]}}