{"id":586,"date":"2022-04-04T14:07:17","date_gmt":"2022-04-04T12:07:17","guid":{"rendered":"https:\/\/osnabrueckerweltacker.de\/?p=586"},"modified":"2022-04-04T14:07:18","modified_gmt":"2022-04-04T12:07:18","slug":"angebote-fuer-schulklassen-2022","status":"publish","type":"post","link":"https:\/\/osnabrueckerweltacker.de\/?p=586","title":{"rendered":"Angebote f\u00fcr Schulklassen 2022"},"content":{"rendered":"\n<p>2000m\u00b2 pro Kopf \u2013 so viel Ackerland gibt es f\u00fcr jeden Menschen auf der Erde, wenn wir gerecht teilen. Reicht das f\u00fcr Nahrung, Kleidung und weiteren Bedarf? Das liegt an uns!!<br>Aktuell verbrauchen wir in Europa pro Kopf weitaus mehr Ackerland \u2013 andere Menschen haben entsprechend weniger zur Verf\u00fcgung. Was m\u00fcssen wir \u00e4ndern, damit es f\u00fcr alle reicht?<br>Das probieren wir auf dem Weltacker am Osnabr\u00fccker Westerberg aus! <br>Ein 2000m\u00b2-Schauacker, bepflanzt nach den Ma\u00dfst\u00e4ben der planetengesunden Ern\u00e4hrung,* eine<br>Ausstellung, um den Acker selbst\u00e4ndig zu entdecken und zahlreiche Veranstaltungsangebote f\u00fcr Kinder und Erwachsene \u2013 das ist unser Angebot f\u00fcr die Saison 2022.<br>Und, schon mal vorab verraten: Es ist genug f\u00fcr alle da auf der Welt&#8230; wir m\u00fcssen nur einige unserer Gewohnheiten \u00e4ndern!<br><br><strong>1. Planetengesunde Ern\u00e4hrung und Wertsch\u00e4tzung von Lebensmitteln<\/strong><br><em>zwei bis drei Termine von Fr\u00fchjahr bis Herbst, Grundschule<\/em><br>Wir lernen unser Essen kennen! Verschiedene H\u00fclsenfr\u00fcchte auf dem Weltacker d\u00fcrfen an<br>aufeinander folgenden Terminen ausges\u00e4t, gepflegt, geerntet und verspeist werden. Auch das<br>Entdecken des Weltackers mit all seiner Vielfalt und die Frage, wie wir gut mit unseren<br>Nahrungsmitteln umgehen, kommen nicht zu kurz.<br><br><strong>2. Landwirtschaft und Klimawandel<\/strong><br><em>zwei Stunden bis zwei Vormittage, Grundschule und Mittelstufe<\/em><br>regional \u2013 saisonal \u2013 nicht egal: Woher kommt mein Essen? Uns wieso ist die Tomate im Dezember<br>nicht egal f\u00fcr das Klima? Und was schmeckt frisch geerntet am besten? Das probieren wir<br>zusammen aus!<br><br>3.<strong> Fleischkonsum und seine globalen Folgen<\/strong><br><em>zwei Stunden, Mittel- und Oberstufe<\/em><br>Was hat mein Schnitzel mit dem Regenwald zu tun? Wir begeben uns auf die Suche nach den<br>globalen Zusammenh\u00e4ngen von Fleisch, Hunger und Fl\u00e4chenimporten.<br><br><strong>4. Globale Landwirtschaft und Fairer Handel<\/strong><br><em>zwei Stunden bis ein Vormittag, alle Jahrg\u00e4nge<\/em><br>Allerweltsprodukte wie Bananen und ihre Geschichte: Wo kommen sie her, wer hat sie angebaut<br>und wie? Welche Unterschiede gibt es und warum sind sie wichtig?<br><br>Wenn Sie ein Angebot buchen m\u00f6chten oder Fragen haben, wenden Sie sich gerne an uns!<br>Am einfachsten unter: osnabrueckerweltacker@posteo.de<br>Unser Programm startet im Mai und ist kostenlos.<br><br>*Die planetengesunde Ern\u00e4hrung ist ein Konzept, das 2019 von der EAT-Lancet-Kommission vorgestellt wurde. Sie stellt einen wissenschaftlich fundierten Rahmen dar, wie eine gesunde Ern\u00e4hrung f\u00fcr bis zu 10 Milliarden Menschen aussehen k\u00f6nnte, die zugleich die planetaren Grenzen der Erde respektiert.<\/p>\n","protected":false},"excerpt":{"rendered":"<p>2000m\u00b2 pro Kopf \u2013 so viel Ackerland gibt es f\u00fcr jeden Menschen auf der Erde, wenn wir gerecht teilen. Reicht das f\u00fcr Nahrung, Kleidung und weiteren Bedarf? Das liegt an [&hellip;]<\/p>\n","protected":false},"author":1,"featured_media":0,"comment_status":"closed","ping_status":"open","sticky":false,"template":"","format":"standard","meta":{"footnotes":""},"categories":[1],"tags":[],"class_list":["post-586","post","type-post","status-publish","format-standard","hentry","category-allgemein"],"_links":{"self":[{"href":"https:\/\/osnabrueckerweltacker.de\/index.php?rest_route=\/wp\/v2\/posts\/586","targetHints":{"allow":["GET"]}}],"collection":[{"href":"https:\/\/osnabrueckerweltacker.de\/index.php?rest_route=\/wp\/v2\/posts"}],"about":[{"href":"https:\/\/osnabrueckerweltacker.de\/index.php?rest_route=\/wp\/v2\/types\/post"}],"author":[{"embeddable":true,"href":"https:\/\/osnabrueckerweltacker.de\/index.php?rest_route=\/wp\/v2\/users\/1"}],"replies":[{"embeddable":true,"href":"https:\/\/osnabrueckerweltacker.de\/index.php?rest_route=%2Fwp%2Fv2%2Fcomments&post=586"}],"version-history":[{"count":3,"href":"https:\/\/osnabrueckerweltacker.de\/index.php?rest_route=\/wp\/v2\/posts\/586\/revisions"}],"predecessor-version":[{"id":589,"href":"https:\/\/osnabrueckerweltacker.de\/index.php?rest_route=\/wp\/v2\/posts\/586\/revisions\/589"}],"wp:attachment":[{"href":"https:\/\/osnabrueckerweltacker.de\/index.php?rest_route=%2Fwp%2Fv2%2Fmedia&parent=586"}],"wp:term":[{"taxonomy":"category","embeddable":true,"href":"https:\/\/osnabrueckerweltacker.de\/index.php?rest_route=%2Fwp%2Fv2%2Fcategories&post=586"},{"taxonomy":"post_tag","embeddable":true,"href":"https:\/\/osnabrueckerweltacker.de\/index.php?rest_route=%2Fwp%2Fv2%2Ftags&post=586"}],"curies":[{"name":"wp","href":"https:\/\/api.w.org\/{rel}","templated":true}]}}