{"id":601,"date":"2022-07-15T12:11:24","date_gmt":"2022-07-15T10:11:24","guid":{"rendered":"https:\/\/osnabrueckerweltacker.de\/?p=601"},"modified":"2022-07-15T12:11:25","modified_gmt":"2022-07-15T10:11:25","slug":"konzert-mit-akampita-steiner-am-sonntag","status":"publish","type":"post","link":"https:\/\/osnabrueckerweltacker.de\/?p=601","title":{"rendered":"Konzert mit Akampita Steiner am Sonntag"},"content":{"rendered":"\n<p>Akampita Steiners Kompositionen und Arrangements ber\u00fchren und hypnotisieren die Zuh\u00f6renden und f\u00fchren sie zu sich selbst.<br>Feinsinnig. Mutig. Eigenwillig.<br>Minimalistische Klangstrukturen mit klassischem Hintergrund, treffen auf eine ausdrucksstarke Chansonstimme, mit alten, folkloristischen Ankl\u00e4ngen. Verschiedene Kulturen klingen mit exotischen Instrumenten an. Es wird in deutscher, katalanischer, hebr\u00e4ischer, franz\u00f6sischer und in einer Art Ursprache gesungen, die in den vokalreichen Obertongesang \u00fcbergeht.<br><br>Sonntag 17.07. um 17:30 Uhr bei uns auf dem Acker<\/p>\n","protected":false},"excerpt":{"rendered":"<p>Akampita Steiners Kompositionen und Arrangements ber\u00fchren und hypnotisieren die Zuh\u00f6renden und f\u00fchren sie zu sich selbst.Feinsinnig. Mutig. Eigenwillig.Minimalistische Klangstrukturen mit klassischem Hintergrund, treffen auf eine ausdrucksstarke Chansonstimme, mit alten, folkloristischen [&hellip;]<\/p>\n","protected":false},"author":1,"featured_media":0,"comment_status":"closed","ping_status":"open","sticky":false,"template":"","format":"standard","meta":{"footnotes":""},"categories":[1],"tags":[],"class_list":["post-601","post","type-post","status-publish","format-standard","hentry","category-allgemein"],"_links":{"self":[{"href":"https:\/\/osnabrueckerweltacker.de\/index.php?rest_route=\/wp\/v2\/posts\/601","targetHints":{"allow":["GET"]}}],"collection":[{"href":"https:\/\/osnabrueckerweltacker.de\/index.php?rest_route=\/wp\/v2\/posts"}],"about":[{"href":"https:\/\/osnabrueckerweltacker.de\/index.php?rest_route=\/wp\/v2\/types\/post"}],"author":[{"embeddable":true,"href":"https:\/\/osnabrueckerweltacker.de\/index.php?rest_route=\/wp\/v2\/users\/1"}],"replies":[{"embeddable":true,"href":"https:\/\/osnabrueckerweltacker.de\/index.php?rest_route=%2Fwp%2Fv2%2Fcomments&post=601"}],"version-history":[{"count":1,"href":"https:\/\/osnabrueckerweltacker.de\/index.php?rest_route=\/wp\/v2\/posts\/601\/revisions"}],"predecessor-version":[{"id":602,"href":"https:\/\/osnabrueckerweltacker.de\/index.php?rest_route=\/wp\/v2\/posts\/601\/revisions\/602"}],"wp:attachment":[{"href":"https:\/\/osnabrueckerweltacker.de\/index.php?rest_route=%2Fwp%2Fv2%2Fmedia&parent=601"}],"wp:term":[{"taxonomy":"category","embeddable":true,"href":"https:\/\/osnabrueckerweltacker.de\/index.php?rest_route=%2Fwp%2Fv2%2Fcategories&post=601"},{"taxonomy":"post_tag","embeddable":true,"href":"https:\/\/osnabrueckerweltacker.de\/index.php?rest_route=%2Fwp%2Fv2%2Ftags&post=601"}],"curies":[{"name":"wp","href":"https:\/\/api.w.org\/{rel}","templated":true}]}}