{"id":729,"date":"2023-07-26T12:19:03","date_gmt":"2023-07-26T10:19:03","guid":{"rendered":"https:\/\/osnabrueckerweltacker.de\/?p=729"},"modified":"2023-07-26T12:19:04","modified_gmt":"2023-07-26T10:19:04","slug":"weltacker-goes-kunsthalle","status":"publish","type":"post","link":"https:\/\/osnabrueckerweltacker.de\/?p=729","title":{"rendered":"Weltacker goes Kunsthalle"},"content":{"rendered":"\n<p>Wir gratulieren der Osnabr\u00fccker Kunsthalle zum 30j\u00e4hrigen Jubil\u00e4um!<br>Neben vielen anderen spannenden Aktionen und Installationen k\u00f6nnt ihr im Innenhof der Kunsthalle an der Dominikanerkirche unsere Fl\u00e4chenb\u00fcfetts bewundern: Es wachsen dort alle Zutaten f\u00fcr je eine Portion Falafel, D\u00f6ner und Currywurst mit Pommes. Wie sieht das genau aus und warum sind die Fl\u00e4chen f\u00fcr die einzelnen Gerichte so unterschiedlich gro\u00df? Besucht die Kunsthalle und den Weltacker f\u00fcr die Antwort!<\/p>\n\n\n\n<p>Auch auf dem Acker ist viel passiert: dort sind nun alle Fl\u00e4chen gestaltet, die ersten Veranstaltungen haben stattgefunden und die ersten Schulklassen waren auch schon da.<br>Am 17.06. hatten wir ein wundervolles Konzert mit Akampita Steiner im Rahmen der Osnabr\u00fccker Klangnacht.<\/p>\n\n\n\n<p>Au\u00dferdem wurde mit alten Gem\u00fcsesorten experimentiert und gekocht und wir hatten verschiedene Gruppen zu Besuch, f\u00fcr F\u00fchrungen und andere Acker-Aktivit\u00e4ten.<br>F\u00fcr die Zeit nach den Sommerferien haben wir noch Termine frei f\u00fcr Aktionen und Ackerf\u00fchrungen.<\/p>\n\n\n\n<p>Wir w\u00fcnschen uns und euch weiterhin einen sch\u00f6nen Sommer mit viel Sonne und gelegentlichem Regen!<\/p>\n\n\n\n<p><img loading=\"lazy\" decoding=\"async\" width=\"400\" height=\"266\" class=\"wp-image-730\" style=\"width: 400px;\" src=\"http:\/\/osnabrueckerweltacker.de\/wp-content\/uploads\/2023\/07\/30Jahre_Kunsthalle_Weltacker_c_AngelavonBrill__4.jpg\" alt=\"\" srcset=\"https:\/\/osnabrueckerweltacker.de\/wp-content\/uploads\/2023\/07\/30Jahre_Kunsthalle_Weltacker_c_AngelavonBrill__4.jpg 1280w, https:\/\/osnabrueckerweltacker.de\/wp-content\/uploads\/2023\/07\/30Jahre_Kunsthalle_Weltacker_c_AngelavonBrill__4-300x200.jpg 300w, https:\/\/osnabrueckerweltacker.de\/wp-content\/uploads\/2023\/07\/30Jahre_Kunsthalle_Weltacker_c_AngelavonBrill__4-1024x682.jpg 1024w, https:\/\/osnabrueckerweltacker.de\/wp-content\/uploads\/2023\/07\/30Jahre_Kunsthalle_Weltacker_c_AngelavonBrill__4-768x511.jpg 768w\" sizes=\"auto, (max-width: 400px) 100vw, 400px\" \/> <img loading=\"lazy\" decoding=\"async\" width=\"400\" height=\"266\" class=\"wp-image-731\" style=\"width: 400px;\" src=\"http:\/\/osnabrueckerweltacker.de\/wp-content\/uploads\/2023\/07\/30Jahre_Kunsthalle_Weltacker_c_AngelavonBrill__5.jpg\" alt=\"\" srcset=\"https:\/\/osnabrueckerweltacker.de\/wp-content\/uploads\/2023\/07\/30Jahre_Kunsthalle_Weltacker_c_AngelavonBrill__5.jpg 1280w, https:\/\/osnabrueckerweltacker.de\/wp-content\/uploads\/2023\/07\/30Jahre_Kunsthalle_Weltacker_c_AngelavonBrill__5-300x200.jpg 300w, https:\/\/osnabrueckerweltacker.de\/wp-content\/uploads\/2023\/07\/30Jahre_Kunsthalle_Weltacker_c_AngelavonBrill__5-1024x682.jpg 1024w, https:\/\/osnabrueckerweltacker.de\/wp-content\/uploads\/2023\/07\/30Jahre_Kunsthalle_Weltacker_c_AngelavonBrill__5-768x511.jpg 768w\" sizes=\"auto, (max-width: 400px) 100vw, 400px\" \/><\/p>\n\n\n\n<p><sub>Diane Hillebrand, Szenografie \u201eBist du bereit?&#8220;, Kunsthalle Osnabr\u00fcck, 2023.<br>Foto: Angela von Brill<\/sub><\/p>\n\n\n\n<p><\/p>\n\n\n\n<p><\/p>\n","protected":false},"excerpt":{"rendered":"<p>Wir gratulieren der Osnabr\u00fccker Kunsthalle zum 30j\u00e4hrigen Jubil\u00e4um!Neben vielen anderen spannenden Aktionen und Installationen k\u00f6nnt ihr im Innenhof der Kunsthalle an der Dominikanerkirche unsere Fl\u00e4chenb\u00fcfetts bewundern: Es wachsen dort alle [&hellip;]<\/p>\n","protected":false},"author":1,"featured_media":731,"comment_status":"closed","ping_status":"open","sticky":false,"template":"","format":"standard","meta":{"footnotes":""},"categories":[1],"tags":[],"class_list":["post-729","post","type-post","status-publish","format-standard","has-post-thumbnail","hentry","category-allgemein"],"_links":{"self":[{"href":"https:\/\/osnabrueckerweltacker.de\/index.php?rest_route=\/wp\/v2\/posts\/729","targetHints":{"allow":["GET"]}}],"collection":[{"href":"https:\/\/osnabrueckerweltacker.de\/index.php?rest_route=\/wp\/v2\/posts"}],"about":[{"href":"https:\/\/osnabrueckerweltacker.de\/index.php?rest_route=\/wp\/v2\/types\/post"}],"author":[{"embeddable":true,"href":"https:\/\/osnabrueckerweltacker.de\/index.php?rest_route=\/wp\/v2\/users\/1"}],"replies":[{"embeddable":true,"href":"https:\/\/osnabrueckerweltacker.de\/index.php?rest_route=%2Fwp%2Fv2%2Fcomments&post=729"}],"version-history":[{"count":1,"href":"https:\/\/osnabrueckerweltacker.de\/index.php?rest_route=\/wp\/v2\/posts\/729\/revisions"}],"predecessor-version":[{"id":732,"href":"https:\/\/osnabrueckerweltacker.de\/index.php?rest_route=\/wp\/v2\/posts\/729\/revisions\/732"}],"wp:featuredmedia":[{"embeddable":true,"href":"https:\/\/osnabrueckerweltacker.de\/index.php?rest_route=\/wp\/v2\/media\/731"}],"wp:attachment":[{"href":"https:\/\/osnabrueckerweltacker.de\/index.php?rest_route=%2Fwp%2Fv2%2Fmedia&parent=729"}],"wp:term":[{"taxonomy":"category","embeddable":true,"href":"https:\/\/osnabrueckerweltacker.de\/index.php?rest_route=%2Fwp%2Fv2%2Fcategories&post=729"},{"taxonomy":"post_tag","embeddable":true,"href":"https:\/\/osnabrueckerweltacker.de\/index.php?rest_route=%2Fwp%2Fv2%2Ftags&post=729"}],"curies":[{"name":"wp","href":"https:\/\/api.w.org\/{rel}","templated":true}]}}