{"id":766,"date":"2023-11-08T10:58:16","date_gmt":"2023-11-08T09:58:16","guid":{"rendered":"https:\/\/osnabrueckerweltacker.de\/?p=766"},"modified":"2023-11-08T10:58:17","modified_gmt":"2023-11-08T09:58:17","slug":"saisonabschluss-2","status":"publish","type":"post","link":"https:\/\/osnabrueckerweltacker.de\/?p=766","title":{"rendered":"Saisonabschluss"},"content":{"rendered":"\n<p><strong>Wir beenden die Saison 2023<\/strong><\/p>\n\n\n\n<p>Wir freuen uns \u00fcber eine vielseitige und aktive Saison mit vielen sch\u00f6nen Erlebnissen und Veranstaltungen!<br>Wie in den beiden letzten Jahren auch, haben uns zahlreiche Schulklassen besucht und viel erlebt. Wir haben besprochen, ob auf dem Acker Schokoladenb\u00e4ume wachsen und haben Regenw\u00fcrmerburgen und Schneckenhotels gebaut. Eine Klasse hat eine Wespenspinne auf dem Acker entdeckt \u2013 Klimawandel hautnah, denn diese (f\u00fcr uns Menschen ungef\u00e4hrliche!) Art breitet sich vermutlich aufgrund der zunehmenden Erderw\u00e4rmung nach Norden aus.<br>Gemeinsam sind wir durch eigenes Ernten und Entdecken zu der Erkenntnis gekommen, dass alles, was es im Supermarkt gibt, auch vorher mal von jemandem irgendwo geerntet wurde. Und dass Mangos aus Brasilien eine Weltreise gemacht haben, wenn sie bei uns angekommen sind&#8230;und vieles weiteres mehr.<\/p>\n\n\n\n<p>Von der Ernterunde mit Kita-Kindern bis zur Diskussion \u00fcber die Zusammenh\u00e4nge zwischen verschiedenen globalen Krisen mit Oberstufenkursen haben alle Altersgruppen den Acker auf ihre Weise genutzt. Und alle haben ihre eigenen Erkenntnisse und Eindr\u00fccke &#8211; und oft auch eigenh\u00e4ndig geerntetes Gem\u00fcse \u2013 mitgenommen.<\/p>\n\n\n\n<p>Zudem gab es in diesem Jahr deutlich mehr Veranstaltungen f\u00fcr Erwachsene auf dem Weltacker \u2013 was uns sehr freut, denn es sind die Erwachsenen von heute, die eine Menge Verantwortung f\u00fcr unser aller Zukunft tragen! Und da lohnt es sich doch, auf dem Weltacker die Planetary Health Diet kennenzulernen als einen praxisorientierten Weg, diese Zukunft mit zu gestalten und zu verbessern.<\/p>\n\n\n\n<p>Neu war in diesem Jahr eine intensive Vernetzung des Weltackers mit anderen Orten und Institutionen: So waren wir in der Osnabr\u00fccker Kunsthalle zu Gast, haben Kooperationsveranstaltungen mit der Volkshochschule durchgef\u00fchrt, Vortr\u00e4ge zur Planetary Health Diet gehalten und waren mit Infost\u00e4nden zu verschiedenen Anl\u00e4ssen pr\u00e4sent.<\/p>\n\n\n\n<p>Ein riesiges Dankesch\u00f6n geht an all diejenigen, die bei der arbeitsreichen Gestaltung und Pflege des Ackers und bei den Veranstaltungen mitgeholfen haben \u2013 ihr seid super und ohne Euch w\u00e4re der Weltacker so nicht m\u00f6glich!!<\/p>\n\n\n\n<p>Nun bereiten wir die Ackerfl\u00e4che f\u00fcr den Winter vor und bauen alles ab. Einige Fl\u00e4chen werden \u00fcber den Winter recht \u201estruppig\u201c aussehen \u2013 das ist Absicht, denn in den St\u00e4ngeln und Halmen \u00fcberwintern viele Insekten und andere Kleinlebewesen, die uns im n\u00e4chsten Jahr wieder bei der Best\u00e4ubung der Pflanzen und der Regulierung von Fra\u00dffeinden wie Blattl\u00e4usen helfen werden. Auch zahlreiche V\u00f6gel wissen das Nahrungsangebot der Sonnenblumen, Nachtkerzen und anderer \u00fcbrig gebliebener Pflanzen zu sch\u00e4tzen \u2013 das \u201edidudit\u201c der Distelfinken ist eine Art Soundtrack zur Arbeit auf dem Weltacker geworden&#8230;<\/p>\n\n\n\n<p>Im n\u00e4chsten Jahr geht es weiter mit der Planetary Health Diet auf dem Weltacker \u2013 wir werden den Winter nutzen, um neue Veranstaltungen und Angebote zu planen.<br><strong>Wir w\u00fcnschen allen einen erholsamen Winter und sehen uns im Fr\u00fchling auf dem Acker!<\/strong><\/p>\n","protected":false},"excerpt":{"rendered":"<p>Wir beenden die Saison 2023 Wir freuen uns \u00fcber eine vielseitige und aktive Saison mit vielen sch\u00f6nen Erlebnissen und Veranstaltungen!Wie in den beiden letzten Jahren auch, haben uns zahlreiche Schulklassen [&hellip;]<\/p>\n","protected":false},"author":1,"featured_media":769,"comment_status":"closed","ping_status":"open","sticky":false,"template":"","format":"standard","meta":{"footnotes":""},"categories":[1],"tags":[],"class_list":["post-766","post","type-post","status-publish","format-standard","has-post-thumbnail","hentry","category-allgemein"],"_links":{"self":[{"href":"https:\/\/osnabrueckerweltacker.de\/index.php?rest_route=\/wp\/v2\/posts\/766","targetHints":{"allow":["GET"]}}],"collection":[{"href":"https:\/\/osnabrueckerweltacker.de\/index.php?rest_route=\/wp\/v2\/posts"}],"about":[{"href":"https:\/\/osnabrueckerweltacker.de\/index.php?rest_route=\/wp\/v2\/types\/post"}],"author":[{"embeddable":true,"href":"https:\/\/osnabrueckerweltacker.de\/index.php?rest_route=\/wp\/v2\/users\/1"}],"replies":[{"embeddable":true,"href":"https:\/\/osnabrueckerweltacker.de\/index.php?rest_route=%2Fwp%2Fv2%2Fcomments&post=766"}],"version-history":[{"count":1,"href":"https:\/\/osnabrueckerweltacker.de\/index.php?rest_route=\/wp\/v2\/posts\/766\/revisions"}],"predecessor-version":[{"id":771,"href":"https:\/\/osnabrueckerweltacker.de\/index.php?rest_route=\/wp\/v2\/posts\/766\/revisions\/771"}],"wp:featuredmedia":[{"embeddable":true,"href":"https:\/\/osnabrueckerweltacker.de\/index.php?rest_route=\/wp\/v2\/media\/769"}],"wp:attachment":[{"href":"https:\/\/osnabrueckerweltacker.de\/index.php?rest_route=%2Fwp%2Fv2%2Fmedia&parent=766"}],"wp:term":[{"taxonomy":"category","embeddable":true,"href":"https:\/\/osnabrueckerweltacker.de\/index.php?rest_route=%2Fwp%2Fv2%2Fcategories&post=766"},{"taxonomy":"post_tag","embeddable":true,"href":"https:\/\/osnabrueckerweltacker.de\/index.php?rest_route=%2Fwp%2Fv2%2Ftags&post=766"}],"curies":[{"name":"wp","href":"https:\/\/api.w.org\/{rel}","templated":true}]}}