{"id":794,"date":"2024-07-09T14:49:08","date_gmt":"2024-07-09T12:49:08","guid":{"rendered":"https:\/\/osnabrueckerweltacker.de\/?p=794"},"modified":"2024-07-09T14:49:10","modified_gmt":"2024-07-09T12:49:10","slug":"es-war-viel-los","status":"publish","type":"post","link":"https:\/\/osnabrueckerweltacker.de\/?p=794","title":{"rendered":"Es war viel los\u2026"},"content":{"rendered":"\n<p>&#8230;auf und um den Acker!<br>Viele Freiwillige sind flei\u00dfig am G\u00e4rtnern und ganz unterschiedliche Gruppen waren zu Besuch. Wir freuen uns \u00fcber die gute Zusammenarbeit mit der IGS Eversburg: verschiedene Klassen und Jahrg\u00e4nge besuchen uns auf dem Acker und nun haben wir auch noch eine Spende aus dem Nachhaltigkeitsflohmarkt der Schule erhalten. Herzlichen Dank!!<br>Ebenso freut uns die tatkr\u00e4ftige Unterst\u00fctzung eines Kurses vom Ratsgymnasium: Nach einer Ackerf\u00fchrung haben alle Sch\u00fcler*innen kr\u00e4ftig mit angepackt und das Ergebnis kann sich sehen lassen! Auch hier: Herzlichen Dank!!<br>Und regelm\u00e4\u00dfig jeden Freitag hilft uns eine Klasse von den berufsbildenden Schulen am Schlehenbusch und gestaltet unsere Tierfutter-Fl\u00e4che \u2013 auch an euch ein ganz gro\u00dfes Dankesch\u00f6n!!<\/p>\n\n\n\n<p>Anfang Juni war der Weltacker im Rahmen eines Projektes der Osnabr\u00fccker Uni auf der Woche der Umwelt in Berlin vertreten. Eine eindrucksvolle und spannende Veranstaltung im Park von Schloss Bellevue \u2013 gro\u00dfe B\u00fchne f\u00fcr den kleinen Acker:)<br>Mit vielen neuen Eindr\u00fccken und Ideen haben wir gleichzeitig den Acker f\u00fcr die neue Saison hergerichtet. Noch machen uns der viele Regen und die wirklich sehr vielen Schnecken das Leben dort nicht leicht \u2013 aber das meiste w\u00e4chst und gedeiht und wir machen weiter und warten auf Sommerwetter. Jeden Donnerstag ab 15 Uhr ist der Acker offen und wir freuen uns \u00fcber Besuch!<\/p>\n\n\n\n<p> <img loading=\"lazy\" decoding=\"async\" width=\"400\" height=\"300\" class=\"wp-image-795\" style=\"width: 400px;\" src=\"http:\/\/osnabrueckerweltacker.de\/wp-content\/uploads\/2024\/07\/tatkra\u0308ftige-Hilfe--scaled.jpg\" alt=\"\" srcset=\"https:\/\/osnabrueckerweltacker.de\/wp-content\/uploads\/2024\/07\/tatkra\u0308ftige-Hilfe--scaled.jpg 2560w, https:\/\/osnabrueckerweltacker.de\/wp-content\/uploads\/2024\/07\/tatkra\u0308ftige-Hilfe--300x225.jpg 300w, https:\/\/osnabrueckerweltacker.de\/wp-content\/uploads\/2024\/07\/tatkra\u0308ftige-Hilfe--1024x768.jpg 1024w, https:\/\/osnabrueckerweltacker.de\/wp-content\/uploads\/2024\/07\/tatkra\u0308ftige-Hilfe--768x576.jpg 768w, https:\/\/osnabrueckerweltacker.de\/wp-content\/uploads\/2024\/07\/tatkra\u0308ftige-Hilfe--1536x1152.jpg 1536w, https:\/\/osnabrueckerweltacker.de\/wp-content\/uploads\/2024\/07\/tatkra\u0308ftige-Hilfe--2048x1536.jpg 2048w\" sizes=\"auto, (max-width: 400px) 100vw, 400px\" \/><\/p>\n\n\n\n<p> <img loading=\"lazy\" decoding=\"async\" width=\"400\" height=\"225\" class=\"wp-image-796\" style=\"width: 400px;\" src=\"http:\/\/osnabrueckerweltacker.de\/wp-content\/uploads\/2024\/07\/Woche-der-Umwelt-Fachforum.jpg\" alt=\"\" srcset=\"https:\/\/osnabrueckerweltacker.de\/wp-content\/uploads\/2024\/07\/Woche-der-Umwelt-Fachforum.jpg 1600w, https:\/\/osnabrueckerweltacker.de\/wp-content\/uploads\/2024\/07\/Woche-der-Umwelt-Fachforum-300x169.jpg 300w, https:\/\/osnabrueckerweltacker.de\/wp-content\/uploads\/2024\/07\/Woche-der-Umwelt-Fachforum-1024x576.jpg 1024w, https:\/\/osnabrueckerweltacker.de\/wp-content\/uploads\/2024\/07\/Woche-der-Umwelt-Fachforum-768x432.jpg 768w, https:\/\/osnabrueckerweltacker.de\/wp-content\/uploads\/2024\/07\/Woche-der-Umwelt-Fachforum-1536x864.jpg 1536w, https:\/\/osnabrueckerweltacker.de\/wp-content\/uploads\/2024\/07\/Woche-der-Umwelt-Fachforum-770x433.jpg 770w, https:\/\/osnabrueckerweltacker.de\/wp-content\/uploads\/2024\/07\/Woche-der-Umwelt-Fachforum-1200x675.jpg 1200w\" sizes=\"auto, (max-width: 400px) 100vw, 400px\" \/><\/p>\n\n\n\n<p> <img loading=\"lazy\" decoding=\"async\" width=\"400\" height=\"225\" class=\"wp-image-797\" style=\"width: 400px;\" src=\"http:\/\/osnabrueckerweltacker.de\/wp-content\/uploads\/2024\/07\/Woche-der-Umwelt-24.jpg\" alt=\"\" srcset=\"https:\/\/osnabrueckerweltacker.de\/wp-content\/uploads\/2024\/07\/Woche-der-Umwelt-24.jpg 1600w, https:\/\/osnabrueckerweltacker.de\/wp-content\/uploads\/2024\/07\/Woche-der-Umwelt-24-300x169.jpg 300w, https:\/\/osnabrueckerweltacker.de\/wp-content\/uploads\/2024\/07\/Woche-der-Umwelt-24-1024x576.jpg 1024w, https:\/\/osnabrueckerweltacker.de\/wp-content\/uploads\/2024\/07\/Woche-der-Umwelt-24-768x432.jpg 768w, https:\/\/osnabrueckerweltacker.de\/wp-content\/uploads\/2024\/07\/Woche-der-Umwelt-24-1536x864.jpg 1536w, https:\/\/osnabrueckerweltacker.de\/wp-content\/uploads\/2024\/07\/Woche-der-Umwelt-24-770x433.jpg 770w, https:\/\/osnabrueckerweltacker.de\/wp-content\/uploads\/2024\/07\/Woche-der-Umwelt-24-1200x675.jpg 1200w\" sizes=\"auto, (max-width: 400px) 100vw, 400px\" \/><\/p>\n\n\n\n<p><\/p>\n","protected":false},"excerpt":{"rendered":"<p>&#8230;auf und um den Acker!Viele Freiwillige sind flei\u00dfig am G\u00e4rtnern und ganz unterschiedliche Gruppen waren zu Besuch. Wir freuen uns \u00fcber die gute Zusammenarbeit mit der IGS Eversburg: verschiedene Klassen [&hellip;]<\/p>\n","protected":false},"author":1,"featured_media":795,"comment_status":"closed","ping_status":"open","sticky":false,"template":"","format":"standard","meta":{"footnotes":""},"categories":[1],"tags":[],"class_list":["post-794","post","type-post","status-publish","format-standard","has-post-thumbnail","hentry","category-allgemein"],"_links":{"self":[{"href":"https:\/\/osnabrueckerweltacker.de\/index.php?rest_route=\/wp\/v2\/posts\/794","targetHints":{"allow":["GET"]}}],"collection":[{"href":"https:\/\/osnabrueckerweltacker.de\/index.php?rest_route=\/wp\/v2\/posts"}],"about":[{"href":"https:\/\/osnabrueckerweltacker.de\/index.php?rest_route=\/wp\/v2\/types\/post"}],"author":[{"embeddable":true,"href":"https:\/\/osnabrueckerweltacker.de\/index.php?rest_route=\/wp\/v2\/users\/1"}],"replies":[{"embeddable":true,"href":"https:\/\/osnabrueckerweltacker.de\/index.php?rest_route=%2Fwp%2Fv2%2Fcomments&post=794"}],"version-history":[{"count":1,"href":"https:\/\/osnabrueckerweltacker.de\/index.php?rest_route=\/wp\/v2\/posts\/794\/revisions"}],"predecessor-version":[{"id":798,"href":"https:\/\/osnabrueckerweltacker.de\/index.php?rest_route=\/wp\/v2\/posts\/794\/revisions\/798"}],"wp:featuredmedia":[{"embeddable":true,"href":"https:\/\/osnabrueckerweltacker.de\/index.php?rest_route=\/wp\/v2\/media\/795"}],"wp:attachment":[{"href":"https:\/\/osnabrueckerweltacker.de\/index.php?rest_route=%2Fwp%2Fv2%2Fmedia&parent=794"}],"wp:term":[{"taxonomy":"category","embeddable":true,"href":"https:\/\/osnabrueckerweltacker.de\/index.php?rest_route=%2Fwp%2Fv2%2Fcategories&post=794"},{"taxonomy":"post_tag","embeddable":true,"href":"https:\/\/osnabrueckerweltacker.de\/index.php?rest_route=%2Fwp%2Fv2%2Ftags&post=794"}],"curies":[{"name":"wp","href":"https:\/\/api.w.org\/{rel}","templated":true}]}}