{"id":801,"date":"2024-09-17T18:34:16","date_gmt":"2024-09-17T16:34:16","guid":{"rendered":"https:\/\/osnabrueckerweltacker.de\/?p=801"},"modified":"2024-09-17T18:34:18","modified_gmt":"2024-09-17T16:34:18","slug":"was-fuer-eine-vielfalt","status":"publish","type":"post","link":"https:\/\/osnabrueckerweltacker.de\/?p=801","title":{"rendered":"Was f\u00fcr eine Vielfalt!"},"content":{"rendered":"\n<p>In dieser Saison entdecken wir zunehmend mehr verschiedene Schmetterlings-, Schwebfliegen-, K\u00e4fer- und sonstige Tierarten auf unserem Weltacker. \u00dcberall krabbelt, summt und brummt es. Unsere \u201ewilden Ecken\u201c auf dem Gel\u00e4nde und wahrscheinlich vor allem der gro\u00dfe Wildpflanzenbereich oben auf dem Acker wirken sich positiv auf die Artenvielfalt aus.<\/p>\n\n\n\n<p>Was uns weniger freut, ist die ebenfalls riesige Schneckenvielfalt in dieser Saison&#8230;fast unser gesamtes H\u00fclsenfr\u00fcchtebeet wurde aufgefressen, ebenso der Kohl, M\u00f6hren, Rote Beete und viele andere. Wir s\u00e4en und pflanzen nach und testen uns durch alle ethisch vertretbaren Abwehrma\u00dfnahmen&#8230;und zum Gl\u00fcck m\u00f6gen auch Schnecken nicht alles, so dass es bei unseren vielen verschiedenen Kulturen immer noch etwas zu ernten gibt.<\/p>\n\n\n\n<p>Und um mal wieder \u00fcber den eigenen Teller \u2013 bzw. Ackerrand zu schauen, machen wir am <strong>21.9. um 12 Uhr einen Ausflug zur Solidarischen Landwirtschaft auf dem Sch\u00fcrhof in Neuenkirchen- V\u00f6rden! <\/strong>Zum einen, um das Konzept der Solidarischen Landwirtschaft besser kennenzulernen, zum anderen, um ein tolles Projekt und den vielf\u00e4ltigen Anbau dort zu sehen. N\u00e4here Infos unter https:\/\/schuerhof.de\/solawi-auf-dem-schuerhof\/<\/p>\n\n\n\n<p>Wer mitkommen m\u00f6chte, kann sich gerne anmelden unter osnabrueckerweltacker@posteo.de.<\/p>\n\n\n\n<p>Und um den Sp\u00e4tsommer geb\u00fchrend zu feiern, laden wir am <strong>28.9. ab 15 Uhr <\/strong>zum <strong>Erntefest auf dem Weltacker <\/strong>ein. Es erwartet euch eine Ackerf\u00fchrung, unser Fl\u00e4chenpuzzle, bunte H\u00fclsenfr\u00fcchte-Kunst zum selberbasteln nicht nur f\u00fcr Kinder, ein Kuchen-Mitbringb\u00fcfett und ein paar K\u00f6stlichkeiten aus der interkulturellen Planetary-Health-K\u00fcche \ud83d\ude42<\/p>\n\n\n\n<p> <img loading=\"lazy\" decoding=\"async\" width=\"400\" height=\"300\" class=\"wp-image-802\" style=\"width: 400px;\" src=\"http:\/\/osnabrueckerweltacker.de\/wp-content\/uploads\/2024\/09\/Schwalbenschwanz-Raupe-auf-wilder-Mo\u0308hre.jpg\" alt=\"\" srcset=\"https:\/\/osnabrueckerweltacker.de\/wp-content\/uploads\/2024\/09\/Schwalbenschwanz-Raupe-auf-wilder-Mo\u0308hre.jpg 2048w, https:\/\/osnabrueckerweltacker.de\/wp-content\/uploads\/2024\/09\/Schwalbenschwanz-Raupe-auf-wilder-Mo\u0308hre-300x225.jpg 300w, https:\/\/osnabrueckerweltacker.de\/wp-content\/uploads\/2024\/09\/Schwalbenschwanz-Raupe-auf-wilder-Mo\u0308hre-1024x768.jpg 1024w, https:\/\/osnabrueckerweltacker.de\/wp-content\/uploads\/2024\/09\/Schwalbenschwanz-Raupe-auf-wilder-Mo\u0308hre-768x576.jpg 768w, https:\/\/osnabrueckerweltacker.de\/wp-content\/uploads\/2024\/09\/Schwalbenschwanz-Raupe-auf-wilder-Mo\u0308hre-1536x1152.jpg 1536w\" sizes=\"auto, (max-width: 400px) 100vw, 400px\" \/>  Schwalbenschwanz Raupe auf wilder Mo\u0308hre<\/p>\n\n\n\n<p> <img loading=\"lazy\" decoding=\"async\" width=\"400\" height=\"267\" class=\"wp-image-803\" style=\"width: 400px;\" src=\"http:\/\/osnabrueckerweltacker.de\/wp-content\/uploads\/2024\/09\/Schwalbenschwanz.jpg\" alt=\"\" srcset=\"https:\/\/osnabrueckerweltacker.de\/wp-content\/uploads\/2024\/09\/Schwalbenschwanz.jpg 1616w, https:\/\/osnabrueckerweltacker.de\/wp-content\/uploads\/2024\/09\/Schwalbenschwanz-300x200.jpg 300w, https:\/\/osnabrueckerweltacker.de\/wp-content\/uploads\/2024\/09\/Schwalbenschwanz-1024x684.jpg 1024w, https:\/\/osnabrueckerweltacker.de\/wp-content\/uploads\/2024\/09\/Schwalbenschwanz-768x513.jpg 768w, https:\/\/osnabrueckerweltacker.de\/wp-content\/uploads\/2024\/09\/Schwalbenschwanz-1536x1027.jpg 1536w\" sizes=\"auto, (max-width: 400px) 100vw, 400px\" \/>  Schwalbenschwanz<\/p>\n","protected":false},"excerpt":{"rendered":"<p>In dieser Saison entdecken wir zunehmend mehr verschiedene Schmetterlings-, Schwebfliegen-, K\u00e4fer- und sonstige Tierarten auf unserem Weltacker. \u00dcberall krabbelt, summt und brummt es. Unsere \u201ewilden Ecken\u201c auf dem Gel\u00e4nde und [&hellip;]<\/p>\n","protected":false},"author":1,"featured_media":803,"comment_status":"closed","ping_status":"open","sticky":false,"template":"","format":"standard","meta":{"footnotes":""},"categories":[1],"tags":[],"class_list":["post-801","post","type-post","status-publish","format-standard","has-post-thumbnail","hentry","category-allgemein"],"_links":{"self":[{"href":"https:\/\/osnabrueckerweltacker.de\/index.php?rest_route=\/wp\/v2\/posts\/801","targetHints":{"allow":["GET"]}}],"collection":[{"href":"https:\/\/osnabrueckerweltacker.de\/index.php?rest_route=\/wp\/v2\/posts"}],"about":[{"href":"https:\/\/osnabrueckerweltacker.de\/index.php?rest_route=\/wp\/v2\/types\/post"}],"author":[{"embeddable":true,"href":"https:\/\/osnabrueckerweltacker.de\/index.php?rest_route=\/wp\/v2\/users\/1"}],"replies":[{"embeddable":true,"href":"https:\/\/osnabrueckerweltacker.de\/index.php?rest_route=%2Fwp%2Fv2%2Fcomments&post=801"}],"version-history":[{"count":1,"href":"https:\/\/osnabrueckerweltacker.de\/index.php?rest_route=\/wp\/v2\/posts\/801\/revisions"}],"predecessor-version":[{"id":804,"href":"https:\/\/osnabrueckerweltacker.de\/index.php?rest_route=\/wp\/v2\/posts\/801\/revisions\/804"}],"wp:featuredmedia":[{"embeddable":true,"href":"https:\/\/osnabrueckerweltacker.de\/index.php?rest_route=\/wp\/v2\/media\/803"}],"wp:attachment":[{"href":"https:\/\/osnabrueckerweltacker.de\/index.php?rest_route=%2Fwp%2Fv2%2Fmedia&parent=801"}],"wp:term":[{"taxonomy":"category","embeddable":true,"href":"https:\/\/osnabrueckerweltacker.de\/index.php?rest_route=%2Fwp%2Fv2%2Fcategories&post=801"},{"taxonomy":"post_tag","embeddable":true,"href":"https:\/\/osnabrueckerweltacker.de\/index.php?rest_route=%2Fwp%2Fv2%2Ftags&post=801"}],"curies":[{"name":"wp","href":"https:\/\/api.w.org\/{rel}","templated":true}]}}