{"id":829,"date":"2025-03-08T12:48:14","date_gmt":"2025-03-08T11:48:14","guid":{"rendered":"https:\/\/osnabrueckerweltacker.de\/?p=829"},"modified":"2025-03-08T12:49:32","modified_gmt":"2025-03-08T11:49:32","slug":"zwei-gute-nachrichten-zum-saisonbeginn","status":"publish","type":"post","link":"https:\/\/osnabrueckerweltacker.de\/?p=829","title":{"rendered":"Zwei gute Nachrichten zum Saisonbeginn!"},"content":{"rendered":"\n<p>Gute Nachrichten sind in diesen Zeiten besonders kostbar, und wir haben gleich zwei davon:<br>Auf dem Osnabr\u00fccker Bildungskongress im Februar haben wir eine Auszeichnung f\u00fcr unsere Arbeit<br>bekommen. Wir freuen uns sehr \u00fcber diese Anerkennung!<\/p>\n\n\n\n<p><br>Die zweite gute Nachricht ist, dass wir Teil eines weltweit wachsenden Netzwerks von Welt\u00e4ckern<br>sind: Anfang M\u00e4rz fand in Innsbruck das j\u00e4hrliche Netzwerktreffen der Welt\u00e4cker statt und es war<br>eine Freude, zu sehen, wie viele wir sind und wo \u00fcberall neue Projekte in den Startl\u00f6chern stehen!<br>Mehr als 20 \u00c4cker im deutschsprachigen Raum und dazu welche in Portugal, Frankreich und<br>Norwegen, in Indien, Brasilien, China, Kenia und \u00c4thiopien \u2013 die Welt\u00e4cker sind zu einer globalen<br>Bewegung angewachsen und das ist immer wieder sehr inspirierend und ermutigend.<br>Bilder und Infos zu allen \u00c4ckern findet ihr unter: <a href=\"https:\/\/www.2000m2.eu\/de\/aecker\">https:\/\/www.2000m2.eu\/de\/aecker<\/a> <br>Viel Spa\u00df!<\/p>\n\n\n\n<p> <img loading=\"lazy\" decoding=\"async\" width=\"333\" height=\"444\" class=\"wp-image-830\" style=\"width: 333px;\" src=\"http:\/\/osnabrueckerweltacker.de\/wp-content\/uploads\/2025\/03\/IMG_2254-scaled.jpg\" alt=\"\" srcset=\"https:\/\/osnabrueckerweltacker.de\/wp-content\/uploads\/2025\/03\/IMG_2254-scaled.jpg 1920w, https:\/\/osnabrueckerweltacker.de\/wp-content\/uploads\/2025\/03\/IMG_2254-225x300.jpg 225w, https:\/\/osnabrueckerweltacker.de\/wp-content\/uploads\/2025\/03\/IMG_2254-768x1024.jpg 768w, https:\/\/osnabrueckerweltacker.de\/wp-content\/uploads\/2025\/03\/IMG_2254-1152x1536.jpg 1152w, https:\/\/osnabrueckerweltacker.de\/wp-content\/uploads\/2025\/03\/IMG_2254-1536x2048.jpg 1536w\" sizes=\"auto, (max-width: 333px) 100vw, 333px\" \/><\/p>\n","protected":false},"excerpt":{"rendered":"<p>Gute Nachrichten sind in diesen Zeiten besonders kostbar, und wir haben gleich zwei davon:Auf dem Osnabr\u00fccker Bildungskongress im Februar haben wir eine Auszeichnung f\u00fcr unsere Arbeitbekommen. Wir freuen uns sehr [&hellip;]<\/p>\n","protected":false},"author":1,"featured_media":831,"comment_status":"closed","ping_status":"open","sticky":false,"template":"","format":"standard","meta":{"footnotes":""},"categories":[1],"tags":[],"class_list":["post-829","post","type-post","status-publish","format-standard","has-post-thumbnail","hentry","category-allgemein"],"_links":{"self":[{"href":"https:\/\/osnabrueckerweltacker.de\/index.php?rest_route=\/wp\/v2\/posts\/829","targetHints":{"allow":["GET"]}}],"collection":[{"href":"https:\/\/osnabrueckerweltacker.de\/index.php?rest_route=\/wp\/v2\/posts"}],"about":[{"href":"https:\/\/osnabrueckerweltacker.de\/index.php?rest_route=\/wp\/v2\/types\/post"}],"author":[{"embeddable":true,"href":"https:\/\/osnabrueckerweltacker.de\/index.php?rest_route=\/wp\/v2\/users\/1"}],"replies":[{"embeddable":true,"href":"https:\/\/osnabrueckerweltacker.de\/index.php?rest_route=%2Fwp%2Fv2%2Fcomments&post=829"}],"version-history":[{"count":2,"href":"https:\/\/osnabrueckerweltacker.de\/index.php?rest_route=\/wp\/v2\/posts\/829\/revisions"}],"predecessor-version":[{"id":833,"href":"https:\/\/osnabrueckerweltacker.de\/index.php?rest_route=\/wp\/v2\/posts\/829\/revisions\/833"}],"wp:featuredmedia":[{"embeddable":true,"href":"https:\/\/osnabrueckerweltacker.de\/index.php?rest_route=\/wp\/v2\/media\/831"}],"wp:attachment":[{"href":"https:\/\/osnabrueckerweltacker.de\/index.php?rest_route=%2Fwp%2Fv2%2Fmedia&parent=829"}],"wp:term":[{"taxonomy":"category","embeddable":true,"href":"https:\/\/osnabrueckerweltacker.de\/index.php?rest_route=%2Fwp%2Fv2%2Fcategories&post=829"},{"taxonomy":"post_tag","embeddable":true,"href":"https:\/\/osnabrueckerweltacker.de\/index.php?rest_route=%2Fwp%2Fv2%2Ftags&post=829"}],"curies":[{"name":"wp","href":"https:\/\/api.w.org\/{rel}","templated":true}]}}