{"id":839,"date":"2025-05-30T15:40:34","date_gmt":"2025-05-30T13:40:34","guid":{"rendered":"https:\/\/osnabrueckerweltacker.de\/?p=839"},"modified":"2025-05-30T15:40:34","modified_gmt":"2025-05-30T13:40:34","slug":"fruehling-auf-dem-acker","status":"publish","type":"post","link":"https:\/\/osnabrueckerweltacker.de\/?p=839","title":{"rendered":"Fr\u00fchling auf dem Acker"},"content":{"rendered":"\n<p>Der Weltacker startet in seine f\u00fcnfte Saison \u2013 es ist viel passiert, seit wir das kahle St\u00fcck Ackerland<br>im Mai 2021 eingez\u00e4unt haben. Und wir freuen uns, dass es weitergeht!<br>Auch in diesem Jahr haben wir eine gro\u00dfe Vielfalt von Obst, Gem\u00fcse, H\u00fclsenfr\u00fcchten, Getreide und<br>anderen Pflanzen im Anbauplan.<br>Die wei\u00dfen Eiszapfen-Radieschen sind nach der langen Trockenheit extra scharf, der Pak Choi<br>wurde daf\u00fcr bei der Wetterlage nicht von den Schnecken gefressen, auch der Spargelsalat sieht<br>schon super aus und wir sind gespannt auf unsere verschiedenen Tomatensorten. Zum ersten Mal<br>haben wir eine alte, blauk\u00f6rnige Gerstensorte ausges\u00e4t und dazu jede Menge Soja mit extra gro\u00dfen<br>Bohnen \u2013 f\u00fcr eine leckere Ernte!<br>Auch die Baumwollpflanzen sind schon auf dem Acker angekommen, ebenso verschiedene<br>Melonen und K\u00fcrbisse aus aller Welt.<\/p>\n\n\n\n<p><br><strong>Der Acker ist wie jedes Jahr immer Donnerstags ab 15 Uhr offen<\/strong>, alle anderen Zeiten sind<br>variabel.<br>Kommt gerne vorbei, zum Mitg\u00e4rtnern, einfach-mal-gucken, oder bucht eine Ackerf\u00fchrung oder<br>einen Workshop bei uns.<br>Bis bald auf dem Acker! Euer Weltacker-Team<\/p>\n\n\n\n<p> <img loading=\"lazy\" decoding=\"async\" width=\"460\" height=\"613\" class=\"wp-image-841\" style=\"width: 460px;\" src=\"http:\/\/osnabrueckerweltacker.de\/wp-content\/uploads\/2025\/05\/erste-Huelsenfruechte-scaled.jpg\" alt=\"\" srcset=\"https:\/\/osnabrueckerweltacker.de\/wp-content\/uploads\/2025\/05\/erste-Huelsenfruechte-scaled.jpg 1920w, https:\/\/osnabrueckerweltacker.de\/wp-content\/uploads\/2025\/05\/erste-Huelsenfruechte-225x300.jpg 225w, https:\/\/osnabrueckerweltacker.de\/wp-content\/uploads\/2025\/05\/erste-Huelsenfruechte-768x1024.jpg 768w, https:\/\/osnabrueckerweltacker.de\/wp-content\/uploads\/2025\/05\/erste-Huelsenfruechte-1152x1536.jpg 1152w, https:\/\/osnabrueckerweltacker.de\/wp-content\/uploads\/2025\/05\/erste-Huelsenfruechte-1536x2048.jpg 1536w\" sizes=\"auto, (max-width: 460px) 100vw, 460px\" \/> Erste Hu\u0308lsenfru\u0308chte<\/p>\n\n\n\n<p> <img loading=\"lazy\" decoding=\"async\" width=\"460\" height=\"345\" class=\"wp-image-840\" style=\"width: 460px;\" src=\"http:\/\/osnabrueckerweltacker.de\/wp-content\/uploads\/2025\/05\/Der-Bluehstreifen-wechselt-von-gelb-zu-weiss-scaled.jpg\" alt=\"\" srcset=\"https:\/\/osnabrueckerweltacker.de\/wp-content\/uploads\/2025\/05\/Der-Bluehstreifen-wechselt-von-gelb-zu-weiss-scaled.jpg 2560w, https:\/\/osnabrueckerweltacker.de\/wp-content\/uploads\/2025\/05\/Der-Bluehstreifen-wechselt-von-gelb-zu-weiss-300x225.jpg 300w, https:\/\/osnabrueckerweltacker.de\/wp-content\/uploads\/2025\/05\/Der-Bluehstreifen-wechselt-von-gelb-zu-weiss-1024x768.jpg 1024w, https:\/\/osnabrueckerweltacker.de\/wp-content\/uploads\/2025\/05\/Der-Bluehstreifen-wechselt-von-gelb-zu-weiss-768x576.jpg 768w, https:\/\/osnabrueckerweltacker.de\/wp-content\/uploads\/2025\/05\/Der-Bluehstreifen-wechselt-von-gelb-zu-weiss-1536x1152.jpg 1536w, https:\/\/osnabrueckerweltacker.de\/wp-content\/uploads\/2025\/05\/Der-Bluehstreifen-wechselt-von-gelb-zu-weiss-2048x1536.jpg 2048w\" sizes=\"auto, (max-width: 460px) 100vw, 460px\" \/> Der Blu\u0308hstreifen wechselt von gelb zu wei\u00df<\/p>\n","protected":false},"excerpt":{"rendered":"<p>Der Weltacker startet in seine f\u00fcnfte Saison \u2013 es ist viel passiert, seit wir das kahle St\u00fcck Ackerlandim Mai 2021 eingez\u00e4unt haben. Und wir freuen uns, dass es weitergeht!Auch in [&hellip;]<\/p>\n","protected":false},"author":1,"featured_media":842,"comment_status":"closed","ping_status":"open","sticky":false,"template":"","format":"standard","meta":{"footnotes":""},"categories":[1],"tags":[],"class_list":["post-839","post","type-post","status-publish","format-standard","has-post-thumbnail","hentry","category-allgemein"],"_links":{"self":[{"href":"https:\/\/osnabrueckerweltacker.de\/index.php?rest_route=\/wp\/v2\/posts\/839","targetHints":{"allow":["GET"]}}],"collection":[{"href":"https:\/\/osnabrueckerweltacker.de\/index.php?rest_route=\/wp\/v2\/posts"}],"about":[{"href":"https:\/\/osnabrueckerweltacker.de\/index.php?rest_route=\/wp\/v2\/types\/post"}],"author":[{"embeddable":true,"href":"https:\/\/osnabrueckerweltacker.de\/index.php?rest_route=\/wp\/v2\/users\/1"}],"replies":[{"embeddable":true,"href":"https:\/\/osnabrueckerweltacker.de\/index.php?rest_route=%2Fwp%2Fv2%2Fcomments&post=839"}],"version-history":[{"count":1,"href":"https:\/\/osnabrueckerweltacker.de\/index.php?rest_route=\/wp\/v2\/posts\/839\/revisions"}],"predecessor-version":[{"id":843,"href":"https:\/\/osnabrueckerweltacker.de\/index.php?rest_route=\/wp\/v2\/posts\/839\/revisions\/843"}],"wp:featuredmedia":[{"embeddable":true,"href":"https:\/\/osnabrueckerweltacker.de\/index.php?rest_route=\/wp\/v2\/media\/842"}],"wp:attachment":[{"href":"https:\/\/osnabrueckerweltacker.de\/index.php?rest_route=%2Fwp%2Fv2%2Fmedia&parent=839"}],"wp:term":[{"taxonomy":"category","embeddable":true,"href":"https:\/\/osnabrueckerweltacker.de\/index.php?rest_route=%2Fwp%2Fv2%2Fcategories&post=839"},{"taxonomy":"post_tag","embeddable":true,"href":"https:\/\/osnabrueckerweltacker.de\/index.php?rest_route=%2Fwp%2Fv2%2Ftags&post=839"}],"curies":[{"name":"wp","href":"https:\/\/api.w.org\/{rel}","templated":true}]}}