{"id":89,"date":"2021-05-01T16:28:25","date_gmt":"2021-05-01T14:28:25","guid":{"rendered":"https:\/\/osnabrueckerweltacker.de\/?p=89"},"modified":"2021-06-22T23:54:19","modified_gmt":"2021-06-22T21:54:19","slug":"der-osnabruecker-weltacker-ist-umgezogen","status":"publish","type":"post","link":"https:\/\/osnabrueckerweltacker.de\/?p=89","title":{"rendered":"Der Osnabr\u00fccker Weltacker ist umgezogen"},"content":{"rendered":"\n<p>Und das, als wir schon mitten im Saisonstart waren!<\/p>\n\n\n\n<p>Die Fl\u00e4che, mit der wir uns seit mehr als einem halben Jahr<br>konzeptionell besch\u00e4ftigt hatten, f\u00fcr die wir Flyer und Visitenkarten<br>haben drucken lassen, auf der wir uns regelm\u00e4\u00dfig getroffen haben und bereits einen Wildzaun gesetzt hatten, wo wir gutes Feedback der<br>Anwohner hatten, \u2026. ist uns mehr als kurzfristig zu Beginn der<br>Gartensaison gek\u00fcndigt worden.<br>Der Grund daf\u00fcr sind verkrustete Strukturen der Landwirte untereinander, was Fl\u00e4chenabh\u00e4ngigkeiten und Wegerechte betrifft.<br>Die umliegenden Landwirte bef\u00fcrchten zu viel Unruhe durch den<br>Weltacker, ohne uns die Chance zum direkten Austausch mit Ihnen<br>gegeben zu haben!<\/p>\n\n\n\n<p>Aber wer hat schon mal grundlegende Ver\u00e4nderungen ohne Unruhe erlebt? Wir nicht\u2026<\/p>\n\n\n\n<p>&nbsp;Und Ver\u00e4nderungen brauchen wir: In der Landwirtschaft, in unserem Konsum, in den globalen Handelsbeziehungen\u2026eigentlich fast \u00fcberall!<\/p>\n\n\n\n<p>Wir fangen damit schon mal an:<\/p>\n\n\n\n<p><strong>Jetzt an unserem neuen Standort am Osnabr\u00fccker Westerberg, Ecke H\u00e4ndelstra\u00dfe\/Carl-Cromme-Weg. <\/strong>Dort gestalten wir ab sofort unseren 2000m\u00b2-Schauacker und die dazugeh\u00f6rige Ausstellung. Veranstaltungen wird es geben, sobald die Pandemie das erlaubt.<\/p>\n\n\n\n<p>Zuerst ziehen wir einen Wildzaun, weil wir nicht nur Rehfutter anbauen wollen. Dann kommt unser Bauwagen \u2013 eine Sch\u00f6nheit ist er noch nicht, aber das kann ja noch werden\u2026.<\/p>\n\n\n\n<p>Anschlie\u00dfend legen wir Fl\u00e4chen an, s\u00e4en und pflanzen. \u00dcber die aktuellen Fortschritte k\u00f6nnt ihr euch direkt auf dem Acker oder hier auf unserer Seite informieren.<br><br>Die erneute Fl\u00e4chensuche und der Umzug mit dem organisatorischen<br>Hintergrund und aller neuen Genehmigungen hat viel Zeit und Kraft<br>gekostet und war ein Wettlauf gegen die Zeit des Saisonstarts.<br>Jetzt sind wir Landwirt Thomas Kemna vom Hof Muesenberg an der<br>Caprivistrasse sehr dankbar! &nbsp;F\u00fcr das Vertrauen das er kurzfristig in uns und unser<br>Projekt gesetzt hat und vor allem f\u00fcr die Zurverf\u00fcgungstellung eines<br>sch\u00f6nen, zentral gelegenen Ackers!<br><br>Ab sofort werden wir h\u00e4ufig &nbsp;auf dem Acker anzutreffen sein,<br>regelm\u00e4\u00dfig donnerstags ab 14 Uhr stehen unsere Pforten offen&#8230;&#8230;. mit Corona-konformem Abstand erkl\u00e4ren wir gerne, was wir vor haben und wie es bei uns weitergeht.<br><br>Bis bald auf dem Acker!<br>Wir freuen uns auf eine spannende Saison mit Euch!<br><br>Herzliche Gr\u00fc\u00dfe, euer Weltacker-Team<\/p>\n","protected":false},"excerpt":{"rendered":"<p>Und das, als wir schon mitten im Saisonstart waren! Die Fl\u00e4che, mit der wir uns seit mehr als einem halben Jahrkonzeptionell besch\u00e4ftigt hatten, f\u00fcr die wir Flyer und Visitenkartenhaben drucken [&hellip;]<\/p>\n","protected":false},"author":1,"featured_media":0,"comment_status":"closed","ping_status":"open","sticky":false,"template":"","format":"standard","meta":{"footnotes":""},"categories":[1],"tags":[],"class_list":["post-89","post","type-post","status-publish","format-standard","hentry","category-allgemein"],"_links":{"self":[{"href":"https:\/\/osnabrueckerweltacker.de\/index.php?rest_route=\/wp\/v2\/posts\/89","targetHints":{"allow":["GET"]}}],"collection":[{"href":"https:\/\/osnabrueckerweltacker.de\/index.php?rest_route=\/wp\/v2\/posts"}],"about":[{"href":"https:\/\/osnabrueckerweltacker.de\/index.php?rest_route=\/wp\/v2\/types\/post"}],"author":[{"embeddable":true,"href":"https:\/\/osnabrueckerweltacker.de\/index.php?rest_route=\/wp\/v2\/users\/1"}],"replies":[{"embeddable":true,"href":"https:\/\/osnabrueckerweltacker.de\/index.php?rest_route=%2Fwp%2Fv2%2Fcomments&post=89"}],"version-history":[{"count":10,"href":"https:\/\/osnabrueckerweltacker.de\/index.php?rest_route=\/wp\/v2\/posts\/89\/revisions"}],"predecessor-version":[{"id":277,"href":"https:\/\/osnabrueckerweltacker.de\/index.php?rest_route=\/wp\/v2\/posts\/89\/revisions\/277"}],"wp:attachment":[{"href":"https:\/\/osnabrueckerweltacker.de\/index.php?rest_route=%2Fwp%2Fv2%2Fmedia&parent=89"}],"wp:term":[{"taxonomy":"category","embeddable":true,"href":"https:\/\/osnabrueckerweltacker.de\/index.php?rest_route=%2Fwp%2Fv2%2Fcategories&post=89"},{"taxonomy":"post_tag","embeddable":true,"href":"https:\/\/osnabrueckerweltacker.de\/index.php?rest_route=%2Fwp%2Fv2%2Ftags&post=89"}],"curies":[{"name":"wp","href":"https:\/\/api.w.org\/{rel}","templated":true}]}}